
{"id":23781,"date":"2019-12-26T19:01:56","date_gmt":"2019-12-26T19:01:56","guid":{"rendered":"https:\/\/www.lejournalduforkane.com\/?p=23781"},"modified":"2019-12-29T19:12:51","modified_gmt":"2019-12-29T19:12:51","slug":"nasrallah-liran-triomphe-trump-est-au-bord-de-la-crise-cardiaque","status":"publish","type":"post","link":"https:\/\/www.lejournalduforkane.com\/index.php\/nasrallah-liran-triomphe-trump-est-au-bord-de-la-crise-cardiaque\/","title":{"rendered":"Nasrallah : l\u2019Iran triomphe, Trump est au bord de la crise cardiaque"},"content":{"rendered":"<p><!--more--><\/p>\n<p>Discours du Secr\u00e9taire G\u00e9n\u00e9ral du Hezbollah, Sayed Hassan Nasrallah, le 11 novembre 2019, \u00e0 l\u2019occasion de la Journ\u00e9e du Martyr du Hezbollah, comm\u00e9morant l\u2019op\u00e9ration contre le quartier g\u00e9n\u00e9ral des forces isra\u00e9liennes \u00e0 Tyr le 11 novembre 1982, qui a tu\u00e9 75 officiers et soldats occupants.<\/p>\n<p><iframe loading=\"lazy\" src=\"https:\/\/player.vimeo.com\/video\/381216235\" width=\"640\" height=\"360\" frameborder=\"0\" allow=\"autoplay; fullscreen\" allowfullscreen><\/iframe><\/p>\n<p><img loading=\"lazy\" src=\"https:\/\/www.lejournalduforkane.com\/wp-content\/uploads\/2019\/12\/l\u2019Iran-triomphe-Trump-est-au-bord-de-la-crise-cardiaque.jpg\" alt=\"l\u2019Iran triomphe, Trump est au bord de la crise cardiaque\" width=\"540\" height=\"281\" class=\"alignnone size-full wp-image-23785\" srcset=\"https:\/\/www.lejournalduforkane.com\/wp-content\/uploads\/2019\/12\/l\u2019Iran-triomphe-Trump-est-au-bord-de-la-crise-cardiaque.jpg 540w, https:\/\/www.lejournalduforkane.com\/wp-content\/uploads\/2019\/12\/l\u2019Iran-triomphe-Trump-est-au-bord-de-la-crise-cardiaque-300x156.jpg 300w\" sizes=\"(max-width: 540px) 100vw, 540px\" \/><\/p>\n","protected":false},"excerpt":{"rendered":"Discours du Secr\u00e9taire G\u00e9n\u00e9ral du Hezbollah, Sayed Hassan Nasrallah, le 11 novembre 2019, \u00e0 l\u2019occasion de la Journ\u00e9e du Martyr du Hezbollah, comm\u00e9morant l\u2019op\u00e9ration contre le quartier g\u00e9n\u00e9ral des forces","protected":false},"author":2,"featured_media":0,"comment_status":"closed","ping_status":"open","sticky":false,"template":"","format":"standard","meta":[],"categories":[],"tags":[],"_links":{"self":[{"href":"https:\/\/www.lejournalduforkane.com\/index.php\/wp-json\/wp\/v2\/posts\/23781"}],"collection":[{"href":"https:\/\/www.lejournalduforkane.com\/index.php\/wp-json\/wp\/v2\/posts"}],"about":[{"href":"https:\/\/www.lejournalduforkane.com\/index.php\/wp-json\/wp\/v2\/types\/post"}],"author":[{"embeddable":true,"href":"https:\/\/www.lejournalduforkane.com\/index.php\/wp-json\/wp\/v2\/users\/2"}],"replies":[{"embeddable":true,"href":"https:\/\/www.lejournalduforkane.com\/index.php\/wp-json\/wp\/v2\/comments?post=23781"}],"version-history":[{"count":1,"href":"https:\/\/www.lejournalduforkane.com\/index.php\/wp-json\/wp\/v2\/posts\/23781\/revisions"}],"predecessor-version":[{"id":23786,"href":"https:\/\/www.lejournalduforkane.com\/index.php\/wp-json\/wp\/v2\/posts\/23781\/revisions\/23786"}],"wp:attachment":[{"href":"https:\/\/www.lejournalduforkane.com\/index.php\/wp-json\/wp\/v2\/media?parent=23781"}],"wp:term":[{"taxonomy":"category","embeddable":true,"href":"https:\/\/www.lejournalduforkane.com\/index.php\/wp-json\/wp\/v2\/categories?post=23781"},{"taxonomy":"post_tag","embeddable":true,"href":"https:\/\/www.lejournalduforkane.com\/index.php\/wp-json\/wp\/v2\/tags?post=23781"}],"curies":[{"name":"wp","href":"https:\/\/api.w.org\/{rel}","templated":true}]}}