
{"id":23790,"date":"2019-12-28T19:17:26","date_gmt":"2019-12-28T19:17:26","guid":{"rendered":"https:\/\/www.lejournalduforkane.com\/?p=23790"},"modified":"2019-12-29T19:18:46","modified_gmt":"2019-12-29T19:18:46","slug":"reportage-de-raqqa-a-idlib-les-medias-occultent-les-massacres-americains-et-en-accusent-la-syrie-et-la-russie","status":"publish","type":"post","link":"https:\/\/www.lejournalduforkane.com\/index.php\/reportage-de-raqqa-a-idlib-les-medias-occultent-les-massacres-americains-et-en-accusent-la-syrie-et-la-russie\/","title":{"rendered":"Reportage | De Raqqa \u00e0 Idlib : les m\u00e9dias occultent les massacres am\u00e9ricains et en accusent la Syrie et la Russie"},"content":{"rendered":"<p><!--more--><\/p>\n<p>Reportage de Vesti News, cha\u00eene nationale russe, le 15 d\u00e9cembre 2019.<\/p>\n<p><iframe loading=\"lazy\" src=\"https:\/\/player.vimeo.com\/video\/381730572\" width=\"640\" height=\"360\" frameborder=\"0\" allow=\"autoplay; fullscreen\" allowfullscreen><\/iframe><\/p>\n<p><img loading=\"lazy\" src=\"https:\/\/www.lejournalduforkane.com\/wp-content\/uploads\/2019\/12\/les-m\u00e9dias-occultent-les-massacres-am\u00e9ricains-et-en-accusent-la-Syrie-et-la-Russie.jpg\" alt=\"les m\u00e9dias occultent les massacres am\u00e9ricains et en accusent la Syrie et la Russie\" width=\"540\" height=\"281\" class=\"alignnone size-full wp-image-23791\" srcset=\"https:\/\/www.lejournalduforkane.com\/wp-content\/uploads\/2019\/12\/les-m\u00e9dias-occultent-les-massacres-am\u00e9ricains-et-en-accusent-la-Syrie-et-la-Russie.jpg 540w, https:\/\/www.lejournalduforkane.com\/wp-content\/uploads\/2019\/12\/les-m\u00e9dias-occultent-les-massacres-am\u00e9ricains-et-en-accusent-la-Syrie-et-la-Russie-300x156.jpg 300w\" sizes=\"(max-width: 540px) 100vw, 540px\" \/><\/p>\n","protected":false},"excerpt":{"rendered":"Reportage de Vesti News, cha\u00eene nationale russe, le 15 d\u00e9cembre 2019.","protected":false},"author":2,"featured_media":0,"comment_status":"closed","ping_status":"open","sticky":false,"template":"","format":"standard","meta":[],"categories":[],"tags":[],"_links":{"self":[{"href":"https:\/\/www.lejournalduforkane.com\/index.php\/wp-json\/wp\/v2\/posts\/23790"}],"collection":[{"href":"https:\/\/www.lejournalduforkane.com\/index.php\/wp-json\/wp\/v2\/posts"}],"about":[{"href":"https:\/\/www.lejournalduforkane.com\/index.php\/wp-json\/wp\/v2\/types\/post"}],"author":[{"embeddable":true,"href":"https:\/\/www.lejournalduforkane.com\/index.php\/wp-json\/wp\/v2\/users\/2"}],"replies":[{"embeddable":true,"href":"https:\/\/www.lejournalduforkane.com\/index.php\/wp-json\/wp\/v2\/comments?post=23790"}],"version-history":[{"count":1,"href":"https:\/\/www.lejournalduforkane.com\/index.php\/wp-json\/wp\/v2\/posts\/23790\/revisions"}],"predecessor-version":[{"id":23792,"href":"https:\/\/www.lejournalduforkane.com\/index.php\/wp-json\/wp\/v2\/posts\/23790\/revisions\/23792"}],"wp:attachment":[{"href":"https:\/\/www.lejournalduforkane.com\/index.php\/wp-json\/wp\/v2\/media?parent=23790"}],"wp:term":[{"taxonomy":"category","embeddable":true,"href":"https:\/\/www.lejournalduforkane.com\/index.php\/wp-json\/wp\/v2\/categories?post=23790"},{"taxonomy":"post_tag","embeddable":true,"href":"https:\/\/www.lejournalduforkane.com\/index.php\/wp-json\/wp\/v2\/tags?post=23790"}],"curies":[{"name":"wp","href":"https:\/\/api.w.org\/{rel}","templated":true}]}}