
{"id":23895,"date":"2020-01-06T19:08:20","date_gmt":"2020-01-06T19:08:20","guid":{"rendered":"https:\/\/www.lejournalduforkane.com\/?p=23895"},"modified":"2020-01-06T19:08:20","modified_gmt":"2020-01-06T19:08:20","slug":"le-02-mars-2007-confessions-du-general-americain-wesley-clark-sur-le-controle-du-moyen-orient-juste-pour-remettre-la-guerre-contre-liran-un-peu-dans-son-contexte","status":"publish","type":"post","link":"https:\/\/www.lejournalduforkane.com\/index.php\/le-02-mars-2007-confessions-du-general-americain-wesley-clark-sur-le-controle-du-moyen-orient-juste-pour-remettre-la-guerre-contre-liran-un-peu-dans-son-contexte\/","title":{"rendered":"Le 02 mars 2007 : Confessions du G\u00e9n\u00e9ral Am\u00e9ricain Wesley Clark sur le contr\u00f4le du Moyen Orient.  &#8230; Juste pour remettre \u00ab\u00a0la guerre contre l&rsquo;Iran\u00a0\u00bb un peu dans son contexte."},"content":{"rendered":"<p><!--more--><\/p>\n<p>Le 02 mars 2007 : Confessions du G\u00e9n\u00e9ral Am\u00e9ricain Wesley Clark sur le contr\u00f4le du Moyen Orient. &#8230; Juste pour remettre \u00ab\u00a0la guerre contre l&rsquo;Iran\u00a0\u00bb un peu dans son contexte.<\/p>\n<p>&nbsp;<br \/>\n<iframe loading=\"lazy\" width=\"720\" height=\"405\" src=\"\/\/rutube.ru\/play\/embed\/13043128\" frameborder=\"0\" webkitAllowFullScreen mozallowfullscreen allowfullscreen><\/iframe><br \/>\n&nbsp;<br \/>\n<img loading=\"lazy\" src=\"https:\/\/www.lejournalduforkane.com\/wp-content\/uploads\/2020\/01\/comment-conqu\u00e9rir-liran.jpg\" alt=\"comment conqu\u00e9rir l&#039;iran\" width=\"365\" height=\"319\" class=\"alignnone size-full wp-image-23896\" srcset=\"https:\/\/www.lejournalduforkane.com\/wp-content\/uploads\/2020\/01\/comment-conqu\u00e9rir-liran.jpg 365w, https:\/\/www.lejournalduforkane.com\/wp-content\/uploads\/2020\/01\/comment-conqu\u00e9rir-liran-300x262.jpg 300w\" sizes=\"(max-width: 365px) 100vw, 365px\" \/><br \/>\n&nbsp;<\/p>\n","protected":false},"excerpt":{"rendered":"Le 02 mars 2007 : Confessions du G\u00e9n\u00e9ral Am\u00e9ricain Wesley Clark sur le contr\u00f4le du Moyen Orient. ... Juste pour remettre \"la guerre contre l'Iran\" un peu dans son contexte.","protected":false},"author":2,"featured_media":0,"comment_status":"closed","ping_status":"open","sticky":false,"template":"","format":"standard","meta":[],"categories":[],"tags":[],"_links":{"self":[{"href":"https:\/\/www.lejournalduforkane.com\/index.php\/wp-json\/wp\/v2\/posts\/23895"}],"collection":[{"href":"https:\/\/www.lejournalduforkane.com\/index.php\/wp-json\/wp\/v2\/posts"}],"about":[{"href":"https:\/\/www.lejournalduforkane.com\/index.php\/wp-json\/wp\/v2\/types\/post"}],"author":[{"embeddable":true,"href":"https:\/\/www.lejournalduforkane.com\/index.php\/wp-json\/wp\/v2\/users\/2"}],"replies":[{"embeddable":true,"href":"https:\/\/www.lejournalduforkane.com\/index.php\/wp-json\/wp\/v2\/comments?post=23895"}],"version-history":[{"count":1,"href":"https:\/\/www.lejournalduforkane.com\/index.php\/wp-json\/wp\/v2\/posts\/23895\/revisions"}],"predecessor-version":[{"id":23897,"href":"https:\/\/www.lejournalduforkane.com\/index.php\/wp-json\/wp\/v2\/posts\/23895\/revisions\/23897"}],"wp:attachment":[{"href":"https:\/\/www.lejournalduforkane.com\/index.php\/wp-json\/wp\/v2\/media?parent=23895"}],"wp:term":[{"taxonomy":"category","embeddable":true,"href":"https:\/\/www.lejournalduforkane.com\/index.php\/wp-json\/wp\/v2\/categories?post=23895"},{"taxonomy":"post_tag","embeddable":true,"href":"https:\/\/www.lejournalduforkane.com\/index.php\/wp-json\/wp\/v2\/tags?post=23895"}],"curies":[{"name":"wp","href":"https:\/\/api.w.org\/{rel}","templated":true}]}}