
{"id":23898,"date":"2020-01-06T19:15:11","date_gmt":"2020-01-06T19:15:11","guid":{"rendered":"https:\/\/www.lejournalduforkane.com\/?p=23898"},"modified":"2020-01-06T19:15:11","modified_gmt":"2020-01-06T19:15:11","slug":"layatollah-khamenei-mene-les-prieres-rituelles-lors-des-funerailles-du-general-soleimani","status":"publish","type":"post","link":"https:\/\/www.lejournalduforkane.com\/index.php\/layatollah-khamenei-mene-les-prieres-rituelles-lors-des-funerailles-du-general-soleimani\/","title":{"rendered":"L&rsquo;ayatollah Khamenei m\u00e8ne les pri\u00e8res rituelles lors des fun\u00e9railles du g\u00e9n\u00e9ral Soleimani"},"content":{"rendered":"<p><!--more--><\/p>\n<p>L&rsquo;Ayatollah Ali Khamenei a men\u00e9 aujourd&rsquo;hui la pri\u00e8re rituel pour le d\u00e9funt lors des fun\u00e9railles du g\u00e9n\u00e9ral Qassem Soleimani, le principal commandant iranien assassin\u00e9 lors d&rsquo;une attaque am\u00e9ricaine en Irak.<\/p>\n<p><iframe loading=\"lazy\" width=\"720\" height=\"405\" src=\"\/\/rutube.ru\/play\/embed\/13043129\" frameborder=\"0\" webkitAllowFullScreen mozallowfullscreen allowfullscreen><\/iframe><\/p>\n<p><img loading=\"lazy\" src=\"https:\/\/www.lejournalduforkane.com\/wp-content\/uploads\/2020\/01\/pri\u00e8re-du-mort-de-Souleymani.jpg\" alt=\"pri\u00e8re du mort de Souleymani\" width=\"600\" height=\"378\" class=\"alignnone size-full wp-image-23899\" srcset=\"https:\/\/www.lejournalduforkane.com\/wp-content\/uploads\/2020\/01\/pri\u00e8re-du-mort-de-Souleymani.jpg 600w, https:\/\/www.lejournalduforkane.com\/wp-content\/uploads\/2020\/01\/pri\u00e8re-du-mort-de-Souleymani-300x189.jpg 300w\" sizes=\"(max-width: 600px) 100vw, 600px\" \/><\/p>\n","protected":false},"excerpt":{"rendered":"L'Ayatollah Ali Khamenei a men\u00e9 aujourd'hui la pri\u00e8re rituel pour le d\u00e9funt lors des fun\u00e9railles du g\u00e9n\u00e9ral Qassem Soleimani, le principal commandant iranien assassin\u00e9 lors d'une attaque am\u00e9ricaine en Irak.","protected":false},"author":2,"featured_media":0,"comment_status":"closed","ping_status":"open","sticky":false,"template":"","format":"standard","meta":[],"categories":[],"tags":[],"_links":{"self":[{"href":"https:\/\/www.lejournalduforkane.com\/index.php\/wp-json\/wp\/v2\/posts\/23898"}],"collection":[{"href":"https:\/\/www.lejournalduforkane.com\/index.php\/wp-json\/wp\/v2\/posts"}],"about":[{"href":"https:\/\/www.lejournalduforkane.com\/index.php\/wp-json\/wp\/v2\/types\/post"}],"author":[{"embeddable":true,"href":"https:\/\/www.lejournalduforkane.com\/index.php\/wp-json\/wp\/v2\/users\/2"}],"replies":[{"embeddable":true,"href":"https:\/\/www.lejournalduforkane.com\/index.php\/wp-json\/wp\/v2\/comments?post=23898"}],"version-history":[{"count":1,"href":"https:\/\/www.lejournalduforkane.com\/index.php\/wp-json\/wp\/v2\/posts\/23898\/revisions"}],"predecessor-version":[{"id":23900,"href":"https:\/\/www.lejournalduforkane.com\/index.php\/wp-json\/wp\/v2\/posts\/23898\/revisions\/23900"}],"wp:attachment":[{"href":"https:\/\/www.lejournalduforkane.com\/index.php\/wp-json\/wp\/v2\/media?parent=23898"}],"wp:term":[{"taxonomy":"category","embeddable":true,"href":"https:\/\/www.lejournalduforkane.com\/index.php\/wp-json\/wp\/v2\/categories?post=23898"},{"taxonomy":"post_tag","embeddable":true,"href":"https:\/\/www.lejournalduforkane.com\/index.php\/wp-json\/wp\/v2\/tags?post=23898"}],"curies":[{"name":"wp","href":"https:\/\/api.w.org\/{rel}","templated":true}]}}