
{"id":23909,"date":"2020-01-08T02:51:16","date_gmt":"2020-01-08T02:51:16","guid":{"rendered":"https:\/\/www.lejournalduforkane.com\/?p=23909"},"modified":"2020-01-08T18:52:36","modified_gmt":"2020-01-08T18:52:36","slug":"en-video-la-chute-des-missiles-iraniens-sur-les-forces-americaines-a-la-base-de-ain-assad","status":"publish","type":"post","link":"https:\/\/www.lejournalduforkane.com\/index.php\/en-video-la-chute-des-missiles-iraniens-sur-les-forces-americaines-a-la-base-de-ain-assad\/","title":{"rendered":"En vid\u00e9o : la chute des missiles iraniens sur les forces am\u00e9ricaines \u00e0 la base de Ain Assad"},"content":{"rendered":"<p><!--more--><\/p>\n<p>En vid\u00e9o : la chute des missiles iraniens sur les forces am\u00e9ricaines \u00e0 la base de Ain Assad<\/p>\n<p><iframe loading=\"lazy\" width=\"560\" height=\"315\" src=\"https:\/\/www.youtube.com\/embed\/B1kprEIMOc4\" frameborder=\"0\" allow=\"accelerometer; autoplay; encrypted-media; gyroscope; picture-in-picture\" allowfullscreen><\/iframe><\/p>\n<p><img loading=\"lazy\" src=\"https:\/\/www.lejournalduforkane.com\/wp-content\/uploads\/2020\/01\/la-chute-des-missiles-iraniens-sur-les-forces-am\u00e9ricaines-\u00e0-la-base-de-Ain-Assad.jpg\" alt=\"la chute des missiles iraniens sur les forces am\u00e9ricaines \u00e0 la base de Ain Assad\" width=\"540\" height=\"281\" class=\"alignnone size-full wp-image-23910\" srcset=\"https:\/\/www.lejournalduforkane.com\/wp-content\/uploads\/2020\/01\/la-chute-des-missiles-iraniens-sur-les-forces-am\u00e9ricaines-\u00e0-la-base-de-Ain-Assad.jpg 540w, https:\/\/www.lejournalduforkane.com\/wp-content\/uploads\/2020\/01\/la-chute-des-missiles-iraniens-sur-les-forces-am\u00e9ricaines-\u00e0-la-base-de-Ain-Assad-300x156.jpg 300w\" sizes=\"(max-width: 540px) 100vw, 540px\" \/><\/p>\n","protected":false},"excerpt":{"rendered":"En vid\u00e9o : la chute des missiles iraniens sur les forces am\u00e9ricaines \u00e0 la base de Ain Assad","protected":false},"author":2,"featured_media":0,"comment_status":"closed","ping_status":"open","sticky":false,"template":"","format":"standard","meta":[],"categories":[],"tags":[],"_links":{"self":[{"href":"https:\/\/www.lejournalduforkane.com\/index.php\/wp-json\/wp\/v2\/posts\/23909"}],"collection":[{"href":"https:\/\/www.lejournalduforkane.com\/index.php\/wp-json\/wp\/v2\/posts"}],"about":[{"href":"https:\/\/www.lejournalduforkane.com\/index.php\/wp-json\/wp\/v2\/types\/post"}],"author":[{"embeddable":true,"href":"https:\/\/www.lejournalduforkane.com\/index.php\/wp-json\/wp\/v2\/users\/2"}],"replies":[{"embeddable":true,"href":"https:\/\/www.lejournalduforkane.com\/index.php\/wp-json\/wp\/v2\/comments?post=23909"}],"version-history":[{"count":1,"href":"https:\/\/www.lejournalduforkane.com\/index.php\/wp-json\/wp\/v2\/posts\/23909\/revisions"}],"predecessor-version":[{"id":23911,"href":"https:\/\/www.lejournalduforkane.com\/index.php\/wp-json\/wp\/v2\/posts\/23909\/revisions\/23911"}],"wp:attachment":[{"href":"https:\/\/www.lejournalduforkane.com\/index.php\/wp-json\/wp\/v2\/media?parent=23909"}],"wp:term":[{"taxonomy":"category","embeddable":true,"href":"https:\/\/www.lejournalduforkane.com\/index.php\/wp-json\/wp\/v2\/categories?post=23909"},{"taxonomy":"post_tag","embeddable":true,"href":"https:\/\/www.lejournalduforkane.com\/index.php\/wp-json\/wp\/v2\/tags?post=23909"}],"curies":[{"name":"wp","href":"https:\/\/api.w.org\/{rel}","templated":true}]}}