
{"id":23922,"date":"2020-01-08T19:01:08","date_gmt":"2020-01-08T19:01:08","guid":{"rendered":"https:\/\/www.lejournalduforkane.com\/?p=23922"},"modified":"2020-01-08T19:24:44","modified_gmt":"2020-01-08T19:24:44","slug":"vide-o-le-parlement-irakien-decide-de-mettre-fin-a-la-presence-de-forces-etrangeres-en-irak","status":"publish","type":"post","link":"https:\/\/www.lejournalduforkane.com\/index.php\/vide-o-le-parlement-irakien-decide-de-mettre-fin-a-la-presence-de-forces-etrangeres-en-irak\/","title":{"rendered":"Vid\u00e9o : Le parlement irakien d\u00e9cide de mettre fin \u00e0 la pr\u00e9sence de forces \u00e9trang\u00e8res en Irak"},"content":{"rendered":"<p><!--more--><\/p>\n<p>Vid\u00e9o : Le parlement irakien d\u00e9cide de mettre fin \u00e0 la pr\u00e9sence de forces \u00e9trang\u00e8res en Irak<br \/>\n<iframe loading=\"lazy\" src=\"https:\/\/www.youtube.com\/embed\/wFjhr5b7RFU\" width=\"560\" height=\"315\" frameborder=\"0\" allowfullscreen=\"allowfullscreen\"><\/iframe><\/p>\n<p><img loading=\"lazy\" class=\"alignnone size-full wp-image-23927\" src=\"https:\/\/www.lejournalduforkane.com\/wp-content\/uploads\/2020\/01\/vote-du-parlement-irakien-1.jpg\" alt=\"vote du parlement irakien\" width=\"758\" height=\"424\" srcset=\"https:\/\/www.lejournalduforkane.com\/wp-content\/uploads\/2020\/01\/vote-du-parlement-irakien-1.jpg 758w, https:\/\/www.lejournalduforkane.com\/wp-content\/uploads\/2020\/01\/vote-du-parlement-irakien-1-300x168.jpg 300w\" sizes=\"(max-width: 758px) 100vw, 758px\" \/><\/p>\n","protected":false},"excerpt":{"rendered":"Vid\u00e9o : Le parlement irakien d\u00e9cide de mettre fin \u00e0 la pr\u00e9sence de forces \u00e9trang\u00e8res en Irak","protected":false},"author":2,"featured_media":23927,"comment_status":"closed","ping_status":"open","sticky":false,"template":"","format":"standard","meta":[],"categories":[],"tags":[],"_links":{"self":[{"href":"https:\/\/www.lejournalduforkane.com\/index.php\/wp-json\/wp\/v2\/posts\/23922"}],"collection":[{"href":"https:\/\/www.lejournalduforkane.com\/index.php\/wp-json\/wp\/v2\/posts"}],"about":[{"href":"https:\/\/www.lejournalduforkane.com\/index.php\/wp-json\/wp\/v2\/types\/post"}],"author":[{"embeddable":true,"href":"https:\/\/www.lejournalduforkane.com\/index.php\/wp-json\/wp\/v2\/users\/2"}],"replies":[{"embeddable":true,"href":"https:\/\/www.lejournalduforkane.com\/index.php\/wp-json\/wp\/v2\/comments?post=23922"}],"version-history":[{"count":3,"href":"https:\/\/www.lejournalduforkane.com\/index.php\/wp-json\/wp\/v2\/posts\/23922\/revisions"}],"predecessor-version":[{"id":23935,"href":"https:\/\/www.lejournalduforkane.com\/index.php\/wp-json\/wp\/v2\/posts\/23922\/revisions\/23935"}],"wp:featuredmedia":[{"embeddable":true,"href":"https:\/\/www.lejournalduforkane.com\/index.php\/wp-json\/wp\/v2\/media\/23927"}],"wp:attachment":[{"href":"https:\/\/www.lejournalduforkane.com\/index.php\/wp-json\/wp\/v2\/media?parent=23922"}],"wp:term":[{"taxonomy":"category","embeddable":true,"href":"https:\/\/www.lejournalduforkane.com\/index.php\/wp-json\/wp\/v2\/categories?post=23922"},{"taxonomy":"post_tag","embeddable":true,"href":"https:\/\/www.lejournalduforkane.com\/index.php\/wp-json\/wp\/v2\/tags?post=23922"}],"curies":[{"name":"wp","href":"https:\/\/api.w.org\/{rel}","templated":true}]}}