
{"id":23946,"date":"2020-01-12T19:25:08","date_gmt":"2020-01-12T19:25:08","guid":{"rendered":"https:\/\/www.lejournalduforkane.com\/?p=23946"},"modified":"2020-01-12T19:25:08","modified_gmt":"2020-01-12T19:25:08","slug":"reportage-exclusive-de-la-chaine-americaine-cnn-sur-les-dommages-causees-par-les-bombardements-de-la-base-de-ain-al-assad-en-irak","status":"publish","type":"post","link":"https:\/\/www.lejournalduforkane.com\/index.php\/reportage-exclusive-de-la-chaine-americaine-cnn-sur-les-dommages-causees-par-les-bombardements-de-la-base-de-ain-al-assad-en-irak\/","title":{"rendered":"Reportage exclusive de la cha\u00eene am\u00e9ricaine CNN sur les dommages caus\u00e9es par les bombardements de la base de A\u00efn-al-Assad en Irak."},"content":{"rendered":"<p><!--more--><\/p>\n<p>La base est totalement d\u00e9sert\u00e9es et les images sont impressionnantes.<\/p>\n<p>La correspondante montre un des dix impacts des missiles iraniens. Il s\u2019agit selon elle du dortoir des soldats am\u00e9ricains. Ayant \u00e9t\u00e9 alert\u00e9s \u00e0 l\u2019avance de l\u2019imminence d\u2019une attaque, certains se sont cach\u00e9s vers 23 :00 dans un abri souterrain alors que d&rsquo;autres ont pr\u00e9f\u00e9r\u00e9 quitte<span class=\"text_exposed_show\">r la base<\/span><\/p>\n<div class=\"text_exposed_show\">\n<p>Des soldats lui ont d&rsquo;ailleurs confi\u00e9e que ce qu&rsquo;ils ont vu d\u00e9passaient tous ce qu&rsquo;il auraient pu imaginer et que de ces bombardements, malgr\u00e9 le fait qu&rsquo;ils soient entra\u00een\u00e9s et habitu\u00e9s, a \u00e9t\u00e9 une exp\u00e9rience terrifiante \u00e0 vivre !<\/p>\n<p><iframe loading=\"lazy\" width=\"560\" height=\"315\" src=\"https:\/\/www.youtube.com\/embed\/oN_M1UXMwvs\" frameborder=\"0\" allow=\"accelerometer; autoplay; encrypted-media; gyroscope; picture-in-picture\" allowfullscreen><\/iframe><\/p>\n<p><img loading=\"lazy\" src=\"https:\/\/www.lejournalduforkane.com\/wp-content\/uploads\/2020\/01\/Reportage-exclusive-de-la-cha\u00eene-am\u00e9ricaine-CNN-sur-les-dommages-caus\u00e9es-par-les-bombardements-de-la-base-de-A\u00efn-al-Assad-en-Irak..jpg\" alt=\"Reportage exclusive de la cha\u00eene am\u00e9ricaine CNN sur les dommages caus\u00e9es par les bombardements de la base de A\u00efn-al-Assad en Irak.\" width=\"476\" height=\"248\" class=\"alignnone size-full wp-image-23947\" srcset=\"https:\/\/www.lejournalduforkane.com\/wp-content\/uploads\/2020\/01\/Reportage-exclusive-de-la-cha\u00eene-am\u00e9ricaine-CNN-sur-les-dommages-caus\u00e9es-par-les-bombardements-de-la-base-de-A\u00efn-al-Assad-en-Irak..jpg 476w, https:\/\/www.lejournalduforkane.com\/wp-content\/uploads\/2020\/01\/Reportage-exclusive-de-la-cha\u00eene-am\u00e9ricaine-CNN-sur-les-dommages-caus\u00e9es-par-les-bombardements-de-la-base-de-A\u00efn-al-Assad-en-Irak.-300x156.jpg 300w\" sizes=\"(max-width: 476px) 100vw, 476px\" \/><\/p>\n<\/div>\n","protected":false},"excerpt":{"rendered":"La base est totalement d\u00e9sert\u00e9es et les images sont impressionnantes. La correspondante montre un des dix impacts des missiles iraniens. Il s\u2019agit selon elle du dortoir des soldats am\u00e9ricains. Ayant","protected":false},"author":2,"featured_media":0,"comment_status":"closed","ping_status":"open","sticky":false,"template":"","format":"standard","meta":[],"categories":[],"tags":[],"_links":{"self":[{"href":"https:\/\/www.lejournalduforkane.com\/index.php\/wp-json\/wp\/v2\/posts\/23946"}],"collection":[{"href":"https:\/\/www.lejournalduforkane.com\/index.php\/wp-json\/wp\/v2\/posts"}],"about":[{"href":"https:\/\/www.lejournalduforkane.com\/index.php\/wp-json\/wp\/v2\/types\/post"}],"author":[{"embeddable":true,"href":"https:\/\/www.lejournalduforkane.com\/index.php\/wp-json\/wp\/v2\/users\/2"}],"replies":[{"embeddable":true,"href":"https:\/\/www.lejournalduforkane.com\/index.php\/wp-json\/wp\/v2\/comments?post=23946"}],"version-history":[{"count":1,"href":"https:\/\/www.lejournalduforkane.com\/index.php\/wp-json\/wp\/v2\/posts\/23946\/revisions"}],"predecessor-version":[{"id":23948,"href":"https:\/\/www.lejournalduforkane.com\/index.php\/wp-json\/wp\/v2\/posts\/23946\/revisions\/23948"}],"wp:attachment":[{"href":"https:\/\/www.lejournalduforkane.com\/index.php\/wp-json\/wp\/v2\/media?parent=23946"}],"wp:term":[{"taxonomy":"category","embeddable":true,"href":"https:\/\/www.lejournalduforkane.com\/index.php\/wp-json\/wp\/v2\/categories?post=23946"},{"taxonomy":"post_tag","embeddable":true,"href":"https:\/\/www.lejournalduforkane.com\/index.php\/wp-json\/wp\/v2\/tags?post=23946"}],"curies":[{"name":"wp","href":"https:\/\/api.w.org\/{rel}","templated":true}]}}