
{"id":23997,"date":"2020-01-20T19:17:23","date_gmt":"2020-01-20T19:17:23","guid":{"rendered":"https:\/\/www.lejournalduforkane.com\/?p=23997"},"modified":"2020-01-20T19:17:23","modified_gmt":"2020-01-20T19:17:23","slug":"video-frappes-iraniennes-le-pere-dun-soldat-americain-base-a-al-assad-accuse-trump-de-mentir-sur-les-pertes-us","status":"publish","type":"post","link":"https:\/\/www.lejournalduforkane.com\/index.php\/video-frappes-iraniennes-le-pere-dun-soldat-americain-base-a-al-assad-accuse-trump-de-mentir-sur-les-pertes-us\/","title":{"rendered":"[Vid\u00e9o] Frappes iraniennes: le p\u00e8re d\u2019un soldat am\u00e9ricain bas\u00e9 \u00e0 Al-Assad accuse Trump de mentir sur les pertes US"},"content":{"rendered":"<p><!--more--><br \/>\nVid\u00e9o : Frappes iraniennes &#8212;  le p\u00e8re d\u2019un soldat am\u00e9ricain bas\u00e9 \u00e0 Al-Assad accuse Trump de mentir sur les pertes US<br \/>\n<iframe loading=\"lazy\" src=\"https:\/\/player.vimeo.com\/video\/385714693\" width=\"640\" height=\"360\" frameborder=\"0\" allow=\"autoplay; fullscreen\" allowfullscreen><\/iframe><\/p>\n<p><img loading=\"lazy\" src=\"https:\/\/www.lejournalduforkane.com\/wp-content\/uploads\/2020\/01\/le-p\u00e8re-d\u2019un-soldat-am\u00e9ricain-bas\u00e9-\u00e0-Al-Assad-accuse-Trump-de-mentir-sur-les-pertes-US.jpg\" alt=\"le p\u00e8re d\u2019un soldat am\u00e9ricain bas\u00e9 \u00e0 Al-Assad accuse Trump de mentir sur les pertes US\" width=\"540\" height=\"281\" class=\"alignnone size-full wp-image-23998\" srcset=\"https:\/\/www.lejournalduforkane.com\/wp-content\/uploads\/2020\/01\/le-p\u00e8re-d\u2019un-soldat-am\u00e9ricain-bas\u00e9-\u00e0-Al-Assad-accuse-Trump-de-mentir-sur-les-pertes-US.jpg 540w, https:\/\/www.lejournalduforkane.com\/wp-content\/uploads\/2020\/01\/le-p\u00e8re-d\u2019un-soldat-am\u00e9ricain-bas\u00e9-\u00e0-Al-Assad-accuse-Trump-de-mentir-sur-les-pertes-US-300x156.jpg 300w\" sizes=\"(max-width: 540px) 100vw, 540px\" \/><\/p>\n","protected":false},"excerpt":{"rendered":"Vid\u00e9o : Frappes iraniennes -- le p\u00e8re d\u2019un soldat am\u00e9ricain bas\u00e9 \u00e0 Al-Assad accuse Trump de mentir sur les pertes US","protected":false},"author":2,"featured_media":0,"comment_status":"closed","ping_status":"open","sticky":false,"template":"","format":"standard","meta":[],"categories":[],"tags":[],"_links":{"self":[{"href":"https:\/\/www.lejournalduforkane.com\/index.php\/wp-json\/wp\/v2\/posts\/23997"}],"collection":[{"href":"https:\/\/www.lejournalduforkane.com\/index.php\/wp-json\/wp\/v2\/posts"}],"about":[{"href":"https:\/\/www.lejournalduforkane.com\/index.php\/wp-json\/wp\/v2\/types\/post"}],"author":[{"embeddable":true,"href":"https:\/\/www.lejournalduforkane.com\/index.php\/wp-json\/wp\/v2\/users\/2"}],"replies":[{"embeddable":true,"href":"https:\/\/www.lejournalduforkane.com\/index.php\/wp-json\/wp\/v2\/comments?post=23997"}],"version-history":[{"count":1,"href":"https:\/\/www.lejournalduforkane.com\/index.php\/wp-json\/wp\/v2\/posts\/23997\/revisions"}],"predecessor-version":[{"id":23999,"href":"https:\/\/www.lejournalduforkane.com\/index.php\/wp-json\/wp\/v2\/posts\/23997\/revisions\/23999"}],"wp:attachment":[{"href":"https:\/\/www.lejournalduforkane.com\/index.php\/wp-json\/wp\/v2\/media?parent=23997"}],"wp:term":[{"taxonomy":"category","embeddable":true,"href":"https:\/\/www.lejournalduforkane.com\/index.php\/wp-json\/wp\/v2\/categories?post=23997"},{"taxonomy":"post_tag","embeddable":true,"href":"https:\/\/www.lejournalduforkane.com\/index.php\/wp-json\/wp\/v2\/tags?post=23997"}],"curies":[{"name":"wp","href":"https:\/\/api.w.org\/{rel}","templated":true}]}}