
{"id":24031,"date":"2020-02-10T19:07:14","date_gmt":"2020-02-10T19:07:14","guid":{"rendered":"https:\/\/www.lejournalduforkane.com\/?p=24031"},"modified":"2020-02-10T19:07:14","modified_gmt":"2020-02-10T19:07:14","slug":"un-reportage-exclusif-de-cnn-revele-la-terreur-des-soldats-americains-durant-les-frappes-iraniennes","status":"publish","type":"post","link":"https:\/\/www.lejournalduforkane.com\/index.php\/un-reportage-exclusif-de-cnn-revele-la-terreur-des-soldats-americains-durant-les-frappes-iraniennes\/","title":{"rendered":"Un reportage exclusif de CNN r\u00e9v\u00e8le la terreur des soldats am\u00e9ricains durant les frappes iraniennes"},"content":{"rendered":"<p><!--more--><br \/>\nUn reportage exclusif de CNN r\u00e9v\u00e8le la terreur des soldats am\u00e9ricains durant les frappes iraniennes<\/p>\n<p>Reportage de CNN \u00e0 l&rsquo;int\u00e9rieur de la base al-Assad en Irak.<\/p>\n<p><iframe loading=\"lazy\" src=\"https:\/\/player.vimeo.com\/video\/388904948\" width=\"640\" height=\"360\" frameborder=\"0\" allow=\"autoplay; fullscreen\" allowfullscreen><\/iframe><\/p>\n<p><img loading=\"lazy\" src=\"https:\/\/www.lejournalduforkane.com\/wp-content\/uploads\/2020\/02\/Un-reportage-exclusif-de-CNN-r\u00e9v\u00e8le-la-terreur-des-soldats-am\u00e9ricains-durant-les-frappes-iraniennes.jpg\" alt=\"Un reportage exclusif de CNN r\u00e9v\u00e8le la terreur des soldats am\u00e9ricains durant les frappes iraniennes\" width=\"967\" height=\"530\" class=\"alignnone size-full wp-image-24032\" srcset=\"https:\/\/www.lejournalduforkane.com\/wp-content\/uploads\/2020\/02\/Un-reportage-exclusif-de-CNN-r\u00e9v\u00e8le-la-terreur-des-soldats-am\u00e9ricains-durant-les-frappes-iraniennes.jpg 967w, https:\/\/www.lejournalduforkane.com\/wp-content\/uploads\/2020\/02\/Un-reportage-exclusif-de-CNN-r\u00e9v\u00e8le-la-terreur-des-soldats-am\u00e9ricains-durant-les-frappes-iraniennes-300x164.jpg 300w, https:\/\/www.lejournalduforkane.com\/wp-content\/uploads\/2020\/02\/Un-reportage-exclusif-de-CNN-r\u00e9v\u00e8le-la-terreur-des-soldats-am\u00e9ricains-durant-les-frappes-iraniennes-768x421.jpg 768w\" sizes=\"(max-width: 967px) 100vw, 967px\" \/><\/p>\n","protected":false},"excerpt":{"rendered":"Un reportage exclusif de CNN r\u00e9v\u00e8le la terreur des soldats am\u00e9ricains durant les frappes iraniennes Reportage de CNN \u00e0 l'int\u00e9rieur de la base al-Assad en Irak.","protected":false},"author":2,"featured_media":0,"comment_status":"closed","ping_status":"open","sticky":false,"template":"","format":"standard","meta":[],"categories":[],"tags":[],"_links":{"self":[{"href":"https:\/\/www.lejournalduforkane.com\/index.php\/wp-json\/wp\/v2\/posts\/24031"}],"collection":[{"href":"https:\/\/www.lejournalduforkane.com\/index.php\/wp-json\/wp\/v2\/posts"}],"about":[{"href":"https:\/\/www.lejournalduforkane.com\/index.php\/wp-json\/wp\/v2\/types\/post"}],"author":[{"embeddable":true,"href":"https:\/\/www.lejournalduforkane.com\/index.php\/wp-json\/wp\/v2\/users\/2"}],"replies":[{"embeddable":true,"href":"https:\/\/www.lejournalduforkane.com\/index.php\/wp-json\/wp\/v2\/comments?post=24031"}],"version-history":[{"count":1,"href":"https:\/\/www.lejournalduforkane.com\/index.php\/wp-json\/wp\/v2\/posts\/24031\/revisions"}],"predecessor-version":[{"id":24033,"href":"https:\/\/www.lejournalduforkane.com\/index.php\/wp-json\/wp\/v2\/posts\/24031\/revisions\/24033"}],"wp:attachment":[{"href":"https:\/\/www.lejournalduforkane.com\/index.php\/wp-json\/wp\/v2\/media?parent=24031"}],"wp:term":[{"taxonomy":"category","embeddable":true,"href":"https:\/\/www.lejournalduforkane.com\/index.php\/wp-json\/wp\/v2\/categories?post=24031"},{"taxonomy":"post_tag","embeddable":true,"href":"https:\/\/www.lejournalduforkane.com\/index.php\/wp-json\/wp\/v2\/tags?post=24031"}],"curies":[{"name":"wp","href":"https:\/\/api.w.org\/{rel}","templated":true}]}}