
{"id":24034,"date":"2020-02-10T19:13:19","date_gmt":"2020-02-10T19:13:19","guid":{"rendered":"https:\/\/www.lejournalduforkane.com\/?p=24034"},"modified":"2020-02-10T19:13:57","modified_gmt":"2020-02-10T19:13:57","slug":"video-un-depute-belge-denonce-le-plan-de-colonisation-de-la-palestine","status":"publish","type":"post","link":"https:\/\/www.lejournalduforkane.com\/index.php\/video-un-depute-belge-denonce-le-plan-de-colonisation-de-la-palestine\/","title":{"rendered":"Vid\u00e9o :  Un d\u00e9put\u00e9 belge d\u00e9nonce le plan de colonisation de la Palestine"},"content":{"rendered":"<p><!--more--><br \/>\n<iframe loading=\"lazy\" width=\"620\" height=\"405\" src=\"\/\/rutube.ru\/play\/embed\/13071861\" frameborder=\"0\" webkitAllowFullScreen mozallowfullscreen allowfullscreen><\/iframe><\/p>\n<p><img loading=\"lazy\" src=\"https:\/\/www.lejournalduforkane.com\/wp-content\/uploads\/2020\/02\/Un-d\u00e9put\u00e9-belge-d\u00e9nonce-le-plan-de-colonisation-de-la-Palestine.jpg\" alt=\"Un d\u00e9put\u00e9 belge d\u00e9nonce le plan de colonisation de la Palestine\" width=\"433\" height=\"414\" class=\"alignnone size-full wp-image-24035\" srcset=\"https:\/\/www.lejournalduforkane.com\/wp-content\/uploads\/2020\/02\/Un-d\u00e9put\u00e9-belge-d\u00e9nonce-le-plan-de-colonisation-de-la-Palestine.jpg 433w, https:\/\/www.lejournalduforkane.com\/wp-content\/uploads\/2020\/02\/Un-d\u00e9put\u00e9-belge-d\u00e9nonce-le-plan-de-colonisation-de-la-Palestine-300x287.jpg 300w\" sizes=\"(max-width: 433px) 100vw, 433px\" \/><\/p>\n","protected":false},"excerpt":{"rendered":"","protected":false},"author":2,"featured_media":0,"comment_status":"closed","ping_status":"open","sticky":false,"template":"","format":"standard","meta":[],"categories":[],"tags":[],"_links":{"self":[{"href":"https:\/\/www.lejournalduforkane.com\/index.php\/wp-json\/wp\/v2\/posts\/24034"}],"collection":[{"href":"https:\/\/www.lejournalduforkane.com\/index.php\/wp-json\/wp\/v2\/posts"}],"about":[{"href":"https:\/\/www.lejournalduforkane.com\/index.php\/wp-json\/wp\/v2\/types\/post"}],"author":[{"embeddable":true,"href":"https:\/\/www.lejournalduforkane.com\/index.php\/wp-json\/wp\/v2\/users\/2"}],"replies":[{"embeddable":true,"href":"https:\/\/www.lejournalduforkane.com\/index.php\/wp-json\/wp\/v2\/comments?post=24034"}],"version-history":[{"count":2,"href":"https:\/\/www.lejournalduforkane.com\/index.php\/wp-json\/wp\/v2\/posts\/24034\/revisions"}],"predecessor-version":[{"id":24039,"href":"https:\/\/www.lejournalduforkane.com\/index.php\/wp-json\/wp\/v2\/posts\/24034\/revisions\/24039"}],"wp:attachment":[{"href":"https:\/\/www.lejournalduforkane.com\/index.php\/wp-json\/wp\/v2\/media?parent=24034"}],"wp:term":[{"taxonomy":"category","embeddable":true,"href":"https:\/\/www.lejournalduforkane.com\/index.php\/wp-json\/wp\/v2\/categories?post=24034"},{"taxonomy":"post_tag","embeddable":true,"href":"https:\/\/www.lejournalduforkane.com\/index.php\/wp-json\/wp\/v2\/tags?post=24034"}],"curies":[{"name":"wp","href":"https:\/\/api.w.org\/{rel}","templated":true}]}}