
{"id":24055,"date":"2020-02-16T19:05:50","date_gmt":"2020-02-16T19:05:50","guid":{"rendered":"https:\/\/www.lejournalduforkane.com\/?p=24055"},"modified":"2020-02-17T19:07:23","modified_gmt":"2020-02-17T19:07:23","slug":"les-larmes-de-hassan-nasrallah-jaurais-sacrifie-ma-vie-pour-qassem-soleimani","status":"publish","type":"post","link":"https:\/\/www.lejournalduforkane.com\/index.php\/les-larmes-de-hassan-nasrallah-jaurais-sacrifie-ma-vie-pour-qassem-soleimani\/","title":{"rendered":"Les larmes de Hassan Nasrallah : \u00ab J\u2019aurais sacrifi\u00e9 ma vie pour Qassem Soleimani \u00bb"},"content":{"rendered":"<p><!--more--><\/p>\n<p>Interview du Secr\u00e9taire G\u00e9n\u00e9ral du Hezbollah, Sayed Hassan Nasrallah, consacr\u00e9e au Hajj Qassem Soleimani, \u00e0 l&rsquo;occasion du 40e jour apr\u00e8s sa mort, le 13 f\u00e9vrier 2020.<\/p>\n<p><iframe loading=\"lazy\" src=\"https:\/\/player.vimeo.com\/video\/391613251\" width=\"640\" height=\"396\" frameborder=\"0\" allow=\"autoplay; fullscreen\" allowfullscreen><\/iframe><\/p>\n<p><img loading=\"lazy\" src=\"https:\/\/www.lejournalduforkane.com\/wp-content\/uploads\/2020\/02\/le-larme-de-nasrallah.jpg\" alt=\"le larme de nasrallah\" width=\"476\" height=\"248\" class=\"alignnone size-full wp-image-24056\" srcset=\"https:\/\/www.lejournalduforkane.com\/wp-content\/uploads\/2020\/02\/le-larme-de-nasrallah.jpg 476w, https:\/\/www.lejournalduforkane.com\/wp-content\/uploads\/2020\/02\/le-larme-de-nasrallah-300x156.jpg 300w\" sizes=\"(max-width: 476px) 100vw, 476px\" \/><\/p>\n","protected":false},"excerpt":{"rendered":"Interview du Secr\u00e9taire G\u00e9n\u00e9ral du Hezbollah, Sayed Hassan Nasrallah, consacr\u00e9e au Hajj Qassem Soleimani, \u00e0 l'occasion du 40e jour apr\u00e8s sa mort, le 13 f\u00e9vrier 2020.","protected":false},"author":2,"featured_media":0,"comment_status":"closed","ping_status":"open","sticky":false,"template":"","format":"standard","meta":[],"categories":[],"tags":[],"_links":{"self":[{"href":"https:\/\/www.lejournalduforkane.com\/index.php\/wp-json\/wp\/v2\/posts\/24055"}],"collection":[{"href":"https:\/\/www.lejournalduforkane.com\/index.php\/wp-json\/wp\/v2\/posts"}],"about":[{"href":"https:\/\/www.lejournalduforkane.com\/index.php\/wp-json\/wp\/v2\/types\/post"}],"author":[{"embeddable":true,"href":"https:\/\/www.lejournalduforkane.com\/index.php\/wp-json\/wp\/v2\/users\/2"}],"replies":[{"embeddable":true,"href":"https:\/\/www.lejournalduforkane.com\/index.php\/wp-json\/wp\/v2\/comments?post=24055"}],"version-history":[{"count":1,"href":"https:\/\/www.lejournalduforkane.com\/index.php\/wp-json\/wp\/v2\/posts\/24055\/revisions"}],"predecessor-version":[{"id":24057,"href":"https:\/\/www.lejournalduforkane.com\/index.php\/wp-json\/wp\/v2\/posts\/24055\/revisions\/24057"}],"wp:attachment":[{"href":"https:\/\/www.lejournalduforkane.com\/index.php\/wp-json\/wp\/v2\/media?parent=24055"}],"wp:term":[{"taxonomy":"category","embeddable":true,"href":"https:\/\/www.lejournalduforkane.com\/index.php\/wp-json\/wp\/v2\/categories?post=24055"},{"taxonomy":"post_tag","embeddable":true,"href":"https:\/\/www.lejournalduforkane.com\/index.php\/wp-json\/wp\/v2\/tags?post=24055"}],"curies":[{"name":"wp","href":"https:\/\/api.w.org\/{rel}","templated":true}]}}