
{"id":24067,"date":"2020-02-17T19:16:55","date_gmt":"2020-02-17T19:16:55","guid":{"rendered":"https:\/\/www.lejournalduforkane.com\/?p=24067"},"modified":"2020-02-17T19:16:55","modified_gmt":"2020-02-17T19:16:55","slug":"video-larmee-syrienne-celebre-la-reprise-dune-zone-strategique-dans-la-ville-dalep","status":"publish","type":"post","link":"https:\/\/www.lejournalduforkane.com\/index.php\/video-larmee-syrienne-celebre-la-reprise-dune-zone-strategique-dans-la-ville-dalep\/","title":{"rendered":"Vid\u00e9o : L&rsquo;arm\u00e9e syrienne c\u00e9l\u00e8bre la reprise d&rsquo;une zone strat\u00e9gique dans la ville d&rsquo;Alep"},"content":{"rendered":"<p><!--more--><\/p>\n<p>L&rsquo;Arm\u00e9e arabe syrienne a repris le quartier strat\u00e9gique de l&rsquo;Association Al-Zahra&rsquo;a dans la partie nord-ouest de la ville d&rsquo;Alep le 16 f\u00e9vrier 2020, marquant la fin de la bataille pour la capitale provinciale apr\u00e8s pr\u00e8s de 8 ans de combats.<\/p>\n<p><iframe loading=\"lazy\" width=\"560\" height=\"315\" src=\"https:\/\/www.youtube.com\/embed\/c9e0NUoyF68\" frameborder=\"0\" allow=\"accelerometer; autoplay; encrypted-media; gyroscope; picture-in-picture\" allowfullscreen><\/iframe><\/p>\n<p><img loading=\"lazy\" src=\"https:\/\/www.lejournalduforkane.com\/wp-content\/uploads\/2020\/02\/Larm\u00e9e-syrienne-c\u00e9l\u00e8bre-la-reprise-dune-zone-strat\u00e9gique-dans-la-ville-dAlep.jpg\" alt=\"L&#039;arm\u00e9e syrienne c\u00e9l\u00e8bre la reprise d&#039;une zone strat\u00e9gique dans la ville d&#039;Alep\" width=\"769\" height=\"438\" class=\"alignnone size-full wp-image-24068\" srcset=\"https:\/\/www.lejournalduforkane.com\/wp-content\/uploads\/2020\/02\/Larm\u00e9e-syrienne-c\u00e9l\u00e8bre-la-reprise-dune-zone-strat\u00e9gique-dans-la-ville-dAlep.jpg 769w, https:\/\/www.lejournalduforkane.com\/wp-content\/uploads\/2020\/02\/Larm\u00e9e-syrienne-c\u00e9l\u00e8bre-la-reprise-dune-zone-strat\u00e9gique-dans-la-ville-dAlep-300x171.jpg 300w, https:\/\/www.lejournalduforkane.com\/wp-content\/uploads\/2020\/02\/Larm\u00e9e-syrienne-c\u00e9l\u00e8bre-la-reprise-dune-zone-strat\u00e9gique-dans-la-ville-dAlep-768x437.jpg 768w\" sizes=\"(max-width: 769px) 100vw, 769px\" \/><\/p>\n","protected":false},"excerpt":{"rendered":"L'Arm\u00e9e arabe syrienne a repris le quartier strat\u00e9gique de l'Association Al-Zahra'a dans la partie nord-ouest de la ville d'Alep le 16 f\u00e9vrier 2020, marquant la fin de la bataille pour","protected":false},"author":2,"featured_media":0,"comment_status":"closed","ping_status":"open","sticky":false,"template":"","format":"standard","meta":[],"categories":[],"tags":[],"_links":{"self":[{"href":"https:\/\/www.lejournalduforkane.com\/index.php\/wp-json\/wp\/v2\/posts\/24067"}],"collection":[{"href":"https:\/\/www.lejournalduforkane.com\/index.php\/wp-json\/wp\/v2\/posts"}],"about":[{"href":"https:\/\/www.lejournalduforkane.com\/index.php\/wp-json\/wp\/v2\/types\/post"}],"author":[{"embeddable":true,"href":"https:\/\/www.lejournalduforkane.com\/index.php\/wp-json\/wp\/v2\/users\/2"}],"replies":[{"embeddable":true,"href":"https:\/\/www.lejournalduforkane.com\/index.php\/wp-json\/wp\/v2\/comments?post=24067"}],"version-history":[{"count":1,"href":"https:\/\/www.lejournalduforkane.com\/index.php\/wp-json\/wp\/v2\/posts\/24067\/revisions"}],"predecessor-version":[{"id":24069,"href":"https:\/\/www.lejournalduforkane.com\/index.php\/wp-json\/wp\/v2\/posts\/24067\/revisions\/24069"}],"wp:attachment":[{"href":"https:\/\/www.lejournalduforkane.com\/index.php\/wp-json\/wp\/v2\/media?parent=24067"}],"wp:term":[{"taxonomy":"category","embeddable":true,"href":"https:\/\/www.lejournalduforkane.com\/index.php\/wp-json\/wp\/v2\/categories?post=24067"},{"taxonomy":"post_tag","embeddable":true,"href":"https:\/\/www.lejournalduforkane.com\/index.php\/wp-json\/wp\/v2\/tags?post=24067"}],"curies":[{"name":"wp","href":"https:\/\/api.w.org\/{rel}","templated":true}]}}