
{"id":24077,"date":"2020-02-19T19:00:59","date_gmt":"2020-02-19T19:00:59","guid":{"rendered":"https:\/\/www.lejournalduforkane.com\/?p=24077"},"modified":"2020-02-19T19:00:59","modified_gmt":"2020-02-19T19:00:59","slug":"des-images-exclusives-des-avancees-de-larmee-syrienne-a-travers-idlib-et-alep","status":"publish","type":"post","link":"https:\/\/www.lejournalduforkane.com\/index.php\/des-images-exclusives-des-avancees-de-larmee-syrienne-a-travers-idlib-et-alep\/","title":{"rendered":"Des images exclusives des avanc\u00e9es de l&rsquo;Arm\u00e9e syrienne \u00e0 travers Idlib et Alep"},"content":{"rendered":"<p><!--more--><\/p>\n<p>L&rsquo;agence de presse ANNA a publi\u00e9 mardi une vid\u00e9o de 48 minutes relatant <img loading=\"lazy\" class=\"wp-image-24078 alignright\" src=\"https:\/\/www.lejournalduforkane.com\/wp-content\/uploads\/2020\/02\/Des-images-exclusives-des-avanc\u00e9es-de-lArm\u00e9e-syrienne-\u00e0-travers-Idlib-et-Alep.jpg\" alt=\"Des images exclusives des avanc\u00e9es de l'Arm\u00e9e syrienne \u00e0 travers Idlib et Alep\" width=\"308\" height=\"176\" srcset=\"https:\/\/www.lejournalduforkane.com\/wp-content\/uploads\/2020\/02\/Des-images-exclusives-des-avanc\u00e9es-de-lArm\u00e9e-syrienne-\u00e0-travers-Idlib-et-Alep.jpg 767w, https:\/\/www.lejournalduforkane.com\/wp-content\/uploads\/2020\/02\/Des-images-exclusives-des-avanc\u00e9es-de-lArm\u00e9e-syrienne-\u00e0-travers-Idlib-et-Alep-300x171.jpg 300w\" sizes=\"(max-width: 308px) 100vw, 308px\" \/>l&rsquo;int\u00e9gralit\u00e9 de l&rsquo;op\u00e9ration de l&rsquo;arm\u00e9e arabe syrienne pour reprendre les derniers sites d\u00e9tenus par les djihadistes le long de l&rsquo;autoroute Alep-Damas (M-5).<\/p>\n<p>Dans la vid\u00e9o, on peut voir la 25e division des forces de mission sp\u00e9ciale d&rsquo;\u00e9lite de l&rsquo;arm\u00e9e arabe syrienne (anciennement connue sous le nom de \u00abForces du tigre\u00bb) progresser dans plusieurs r\u00e9gions apr\u00e8s avoir repris le mois dernier la ville strat\u00e9gique de Ma\u2019arat Al-Nu\u2019man, dans l&rsquo;est d&rsquo;Idlib.<\/p>\n<p>En outre, la s\u00e9quence vid\u00e9o montre l&rsquo;arm\u00e9e arabe syrienne reprenant de nouvelles zones des rebelles djihadistes et m\u00eame des militaires sur la d\u00e9fensive alors qu&rsquo;ils d\u00e9jouaient toutes les contre-offensives terroristes dans les gouvernorats d&rsquo;Alep et d&rsquo;Idlib ces derni\u00e8res semaines.<\/p>\n<p>Cette vid\u00e9o comprenait des images jamais vues d&rsquo;avions de guerre russes chassant les forces terroristes \u00e0 Idlib et Alep.<\/p>\n<p><iframe loading=\"lazy\" src=\"https:\/\/www.youtube.com\/embed\/cBcUpTNUmh0\" width=\"560\" height=\"315\" frameborder=\"0\" allowfullscreen=\"allowfullscreen\"><\/iframe><\/p>\n","protected":false},"excerpt":{"rendered":"L'agence de presse ANNA a publi\u00e9 mardi une vid\u00e9o de 48 minutes relatant l'int\u00e9gralit\u00e9 de l'op\u00e9ration de l'arm\u00e9e arabe syrienne pour reprendre les derniers sites d\u00e9tenus par les djihadistes le","protected":false},"author":2,"featured_media":0,"comment_status":"closed","ping_status":"open","sticky":false,"template":"","format":"standard","meta":[],"categories":[],"tags":[],"_links":{"self":[{"href":"https:\/\/www.lejournalduforkane.com\/index.php\/wp-json\/wp\/v2\/posts\/24077"}],"collection":[{"href":"https:\/\/www.lejournalduforkane.com\/index.php\/wp-json\/wp\/v2\/posts"}],"about":[{"href":"https:\/\/www.lejournalduforkane.com\/index.php\/wp-json\/wp\/v2\/types\/post"}],"author":[{"embeddable":true,"href":"https:\/\/www.lejournalduforkane.com\/index.php\/wp-json\/wp\/v2\/users\/2"}],"replies":[{"embeddable":true,"href":"https:\/\/www.lejournalduforkane.com\/index.php\/wp-json\/wp\/v2\/comments?post=24077"}],"version-history":[{"count":1,"href":"https:\/\/www.lejournalduforkane.com\/index.php\/wp-json\/wp\/v2\/posts\/24077\/revisions"}],"predecessor-version":[{"id":24079,"href":"https:\/\/www.lejournalduforkane.com\/index.php\/wp-json\/wp\/v2\/posts\/24077\/revisions\/24079"}],"wp:attachment":[{"href":"https:\/\/www.lejournalduforkane.com\/index.php\/wp-json\/wp\/v2\/media?parent=24077"}],"wp:term":[{"taxonomy":"category","embeddable":true,"href":"https:\/\/www.lejournalduforkane.com\/index.php\/wp-json\/wp\/v2\/categories?post=24077"},{"taxonomy":"post_tag","embeddable":true,"href":"https:\/\/www.lejournalduforkane.com\/index.php\/wp-json\/wp\/v2\/tags?post=24077"}],"curies":[{"name":"wp","href":"https:\/\/api.w.org\/{rel}","templated":true}]}}