
{"id":24080,"date":"2020-02-19T19:12:15","date_gmt":"2020-02-19T19:12:15","guid":{"rendered":"https:\/\/www.lejournalduforkane.com\/?p=24080"},"modified":"2020-02-19T19:12:15","modified_gmt":"2020-02-19T19:12:15","slug":"video-un-convoi-militaire-turc-franchit-la-frontiere-en-raison-de-lavancee-de-larmee-arabe-syrienne-dans-la-campagne-didlib-et-dalep","status":"publish","type":"post","link":"https:\/\/www.lejournalduforkane.com\/index.php\/video-un-convoi-militaire-turc-franchit-la-frontiere-en-raison-de-lavancee-de-larmee-arabe-syrienne-dans-la-campagne-didlib-et-dalep\/","title":{"rendered":"Vid\u00e9o : un convoi militaire turc franchit la fronti\u00e8re en raison de l&rsquo;avanc\u00e9e de l&rsquo;Arm\u00e9e Arabe Syrienne dans la campagne d&rsquo;Idlib et d&rsquo;Alep"},"content":{"rendered":"<p style=\"text-align: justify;\"><!--more--><\/p>\n<p style=\"text-align: justify;\">Un convoi militaire turc a franchi la fronti\u00e8re syrienne, p\u00e9n\u00e9trant mardi matin dans la partie nord-est du pays.<br \/>\n<img loading=\"lazy\" class=\"wp-image-24081 alignright\" src=\"https:\/\/www.lejournalduforkane.com\/wp-content\/uploads\/2020\/02\/un-convoi-militaire-turc-franchit-la-fronti\u00e8re-en-raison-de-lavanc\u00e9e-de-lArm\u00e9e-Arabe-Syrienne-dans-la-campagne-dIdlib-et-dAlep.jpg\" alt=\"un convoi militaire turc franchit la fronti\u00e8re en raison de l'avanc\u00e9e de l'Arm\u00e9e Arabe Syrienne dans la campagne d'Idlib et d'Alep\" width=\"334\" height=\"195\" srcset=\"https:\/\/www.lejournalduforkane.com\/wp-content\/uploads\/2020\/02\/un-convoi-militaire-turc-franchit-la-fronti\u00e8re-en-raison-de-lavanc\u00e9e-de-lArm\u00e9e-Arabe-Syrienne-dans-la-campagne-dIdlib-et-dAlep.jpg 771w, https:\/\/www.lejournalduforkane.com\/wp-content\/uploads\/2020\/02\/un-convoi-militaire-turc-franchit-la-fronti\u00e8re-en-raison-de-lavanc\u00e9e-de-lArm\u00e9e-Arabe-Syrienne-dans-la-campagne-dIdlib-et-dAlep-300x175.jpg 300w, https:\/\/www.lejournalduforkane.com\/wp-content\/uploads\/2020\/02\/un-convoi-militaire-turc-franchit-la-fronti\u00e8re-en-raison-de-lavanc\u00e9e-de-lArm\u00e9e-Arabe-Syrienne-dans-la-campagne-dIdlib-et-dAlep-768x448.jpg 768w\" sizes=\"(max-width: 334px) 100vw, 334px\" \/><\/p>\n<p style=\"text-align: justify;\">Des images film\u00e9es pr\u00e8s du poste frontalier de Bab al-Hawa montrent un grand convoi de chars, de v\u00e9hicules blind\u00e9s et de camions de ravitaillement qui se dirigeraient vers la campagne d&rsquo;Idlib.<\/p>\n<p style=\"text-align: justify;\">Les rapports indiquent qu&rsquo;Ankara a accru sa pr\u00e9sence militaire en Syrie apr\u00e8s que l&rsquo;arm\u00e9e arabe syrienne a annonc\u00e9 qu&rsquo;elle avait repris le contr\u00f4le total des villes et des villages autour d&rsquo;Alep, ainsi que de l&rsquo;autoroute strat\u00e9gique M5 reliant Alep et Damas, apr\u00e8s plusieurs jours d&rsquo;une offensive militaire.<\/p>\n<p style=\"text-align: justify;\"><iframe loading=\"lazy\" src=\"https:\/\/www.youtube.com\/embed\/s2AlwJM08xQ\" width=\"560\" height=\"315\" frameborder=\"0\" allowfullscreen=\"allowfullscreen\"><\/iframe><\/p>\n","protected":false},"excerpt":{"rendered":"Un convoi militaire turc a franchi la fronti\u00e8re syrienne, p\u00e9n\u00e9trant mardi matin dans la partie nord-est du pays. Des images film\u00e9es pr\u00e8s du poste frontalier de Bab al-Hawa montrent un","protected":false},"author":2,"featured_media":0,"comment_status":"closed","ping_status":"open","sticky":false,"template":"","format":"standard","meta":[],"categories":[],"tags":[],"_links":{"self":[{"href":"https:\/\/www.lejournalduforkane.com\/index.php\/wp-json\/wp\/v2\/posts\/24080"}],"collection":[{"href":"https:\/\/www.lejournalduforkane.com\/index.php\/wp-json\/wp\/v2\/posts"}],"about":[{"href":"https:\/\/www.lejournalduforkane.com\/index.php\/wp-json\/wp\/v2\/types\/post"}],"author":[{"embeddable":true,"href":"https:\/\/www.lejournalduforkane.com\/index.php\/wp-json\/wp\/v2\/users\/2"}],"replies":[{"embeddable":true,"href":"https:\/\/www.lejournalduforkane.com\/index.php\/wp-json\/wp\/v2\/comments?post=24080"}],"version-history":[{"count":1,"href":"https:\/\/www.lejournalduforkane.com\/index.php\/wp-json\/wp\/v2\/posts\/24080\/revisions"}],"predecessor-version":[{"id":24082,"href":"https:\/\/www.lejournalduforkane.com\/index.php\/wp-json\/wp\/v2\/posts\/24080\/revisions\/24082"}],"wp:attachment":[{"href":"https:\/\/www.lejournalduforkane.com\/index.php\/wp-json\/wp\/v2\/media?parent=24080"}],"wp:term":[{"taxonomy":"category","embeddable":true,"href":"https:\/\/www.lejournalduforkane.com\/index.php\/wp-json\/wp\/v2\/categories?post=24080"},{"taxonomy":"post_tag","embeddable":true,"href":"https:\/\/www.lejournalduforkane.com\/index.php\/wp-json\/wp\/v2\/tags?post=24080"}],"curies":[{"name":"wp","href":"https:\/\/api.w.org\/{rel}","templated":true}]}}