
{"id":24102,"date":"2020-02-25T19:35:16","date_gmt":"2020-02-25T19:35:16","guid":{"rendered":"https:\/\/www.lejournalduforkane.com\/?p=24102"},"modified":"2020-02-25T19:35:16","modified_gmt":"2020-02-25T19:35:16","slug":"un-palestinien-trouve-le-martyre-pres-de-la-cloture-de-gaza-un-bulldozer-israelien-profane-brutalement-son-corps","status":"publish","type":"post","link":"https:\/\/www.lejournalduforkane.com\/index.php\/un-palestinien-trouve-le-martyre-pres-de-la-cloture-de-gaza-un-bulldozer-israelien-profane-brutalement-son-corps\/","title":{"rendered":"Un Palestinien trouve le martyre pr\u00e8s de la cl\u00f4ture de Gaza, un bulldozer isra\u00e9lien profane brutalement son corps"},"content":{"rendered":"<p><!--more--><\/p>\n<p>Jetez un \u0153il au clip vid\u00e9o qui circule sur les r\u00e9seaux sociaux : voici ce qu\u2019est l\u2019occupation. Voil\u00e0 \u00e0 quoi \u00e7a ressemble. Voil\u00e0 comment elle se comporte. Elle est lourde, violente et d\u00e9brid\u00e9e<\/p>\n<p><iframe loading=\"lazy\" src=\"https:\/\/player.vimeo.com\/video\/393315074\" width=\"640\" height=\"361\" frameborder=\"0\" allow=\"autoplay; fullscreen\" allowfullscreen><\/iframe><\/p>\n<p><img loading=\"lazy\" src=\"https:\/\/www.lejournalduforkane.com\/wp-content\/uploads\/2020\/02\/Un-Palestinien-trouve-le-martyre-pr\u00e8s-de-la-cl\u00f4ture-de-Gaza-un-bulldozer-isra\u00e9lien-profane-brutalement-son-corps.jpg\" alt=\"Un Palestinien trouve le martyre pr\u00e8s de la cl\u00f4ture de Gaza, un bulldozer isra\u00e9lien profane brutalement son corps\" width=\"540\" height=\"281\" class=\"alignnone size-full wp-image-24103\" srcset=\"https:\/\/www.lejournalduforkane.com\/wp-content\/uploads\/2020\/02\/Un-Palestinien-trouve-le-martyre-pr\u00e8s-de-la-cl\u00f4ture-de-Gaza-un-bulldozer-isra\u00e9lien-profane-brutalement-son-corps.jpg 540w, https:\/\/www.lejournalduforkane.com\/wp-content\/uploads\/2020\/02\/Un-Palestinien-trouve-le-martyre-pr\u00e8s-de-la-cl\u00f4ture-de-Gaza-un-bulldozer-isra\u00e9lien-profane-brutalement-son-corps-300x156.jpg 300w\" sizes=\"(max-width: 540px) 100vw, 540px\" \/><\/p>\n","protected":false},"excerpt":{"rendered":"Jetez un \u0153il au clip vid\u00e9o qui circule sur les r\u00e9seaux sociaux : voici ce qu\u2019est l\u2019occupation. Voil\u00e0 \u00e0 quoi \u00e7a ressemble. Voil\u00e0 comment elle se comporte. Elle est lourde,","protected":false},"author":2,"featured_media":0,"comment_status":"closed","ping_status":"open","sticky":false,"template":"","format":"standard","meta":[],"categories":[],"tags":[],"_links":{"self":[{"href":"https:\/\/www.lejournalduforkane.com\/index.php\/wp-json\/wp\/v2\/posts\/24102"}],"collection":[{"href":"https:\/\/www.lejournalduforkane.com\/index.php\/wp-json\/wp\/v2\/posts"}],"about":[{"href":"https:\/\/www.lejournalduforkane.com\/index.php\/wp-json\/wp\/v2\/types\/post"}],"author":[{"embeddable":true,"href":"https:\/\/www.lejournalduforkane.com\/index.php\/wp-json\/wp\/v2\/users\/2"}],"replies":[{"embeddable":true,"href":"https:\/\/www.lejournalduforkane.com\/index.php\/wp-json\/wp\/v2\/comments?post=24102"}],"version-history":[{"count":1,"href":"https:\/\/www.lejournalduforkane.com\/index.php\/wp-json\/wp\/v2\/posts\/24102\/revisions"}],"predecessor-version":[{"id":24104,"href":"https:\/\/www.lejournalduforkane.com\/index.php\/wp-json\/wp\/v2\/posts\/24102\/revisions\/24104"}],"wp:attachment":[{"href":"https:\/\/www.lejournalduforkane.com\/index.php\/wp-json\/wp\/v2\/media?parent=24102"}],"wp:term":[{"taxonomy":"category","embeddable":true,"href":"https:\/\/www.lejournalduforkane.com\/index.php\/wp-json\/wp\/v2\/categories?post=24102"},{"taxonomy":"post_tag","embeddable":true,"href":"https:\/\/www.lejournalduforkane.com\/index.php\/wp-json\/wp\/v2\/tags?post=24102"}],"curies":[{"name":"wp","href":"https:\/\/api.w.org\/{rel}","templated":true}]}}