
{"id":24105,"date":"2020-02-25T18:32:43","date_gmt":"2020-02-25T18:32:43","guid":{"rendered":"https:\/\/www.lejournalduforkane.com\/?p=24105"},"modified":"2020-02-26T18:35:13","modified_gmt":"2020-02-26T18:35:13","slug":"video-larmee-syrienne-a-linterieur-dun-ancien-bastion-terroriste-apres-une-nouvelle-avancee-a-idlib","status":"publish","type":"post","link":"https:\/\/www.lejournalduforkane.com\/index.php\/video-larmee-syrienne-a-linterieur-dun-ancien-bastion-terroriste-apres-une-nouvelle-avancee-a-idlib\/","title":{"rendered":"VID\u00c9O : L&rsquo;arm\u00e9e syrienne \u00e0 l&rsquo;int\u00e9rieur d&rsquo;un ancien bastion terroriste apr\u00e8s une nouvelle avanc\u00e9e \u00e0 Idlib"},"content":{"rendered":"<p><!--more--><\/p>\n<p>L&rsquo;arm\u00e9e arabe syrienne a marqu\u00e9 une nouvelle avanc\u00e9e dans la campagne sud-est du gouvernorat d&rsquo;Idlib, alors que ses troupes ont repris l&rsquo;un des derniers bastions des rebelles djihadistes dans cette r\u00e9gion.<\/p>\n<p><iframe loading=\"lazy\" width=\"560\" height=\"315\" src=\"https:\/\/www.youtube.com\/embed\/5pG7vol6i3c\" frameborder=\"0\" allow=\"accelerometer; autoplay; encrypted-media; gyroscope; picture-in-picture\" allowfullscreen><\/iframe><\/p>\n<p><img loading=\"lazy\" src=\"https:\/\/www.lejournalduforkane.com\/wp-content\/uploads\/2020\/02\/Larm\u00e9e-syrienne-\u00e0-lint\u00e9rieur-dun-ancien-bastion-terroriste-apr\u00e8s-une-nouvelle-avanc\u00e9e-\u00e0-Idlib.jpg\" alt=\"L&#039;arm\u00e9e syrienne \u00e0 l&#039;int\u00e9rieur d&#039;un ancien bastion terroriste apr\u00e8s une nouvelle avanc\u00e9e \u00e0 Idlib\" width=\"540\" height=\"281\" class=\"alignnone size-full wp-image-24106\" srcset=\"https:\/\/www.lejournalduforkane.com\/wp-content\/uploads\/2020\/02\/Larm\u00e9e-syrienne-\u00e0-lint\u00e9rieur-dun-ancien-bastion-terroriste-apr\u00e8s-une-nouvelle-avanc\u00e9e-\u00e0-Idlib.jpg 540w, https:\/\/www.lejournalduforkane.com\/wp-content\/uploads\/2020\/02\/Larm\u00e9e-syrienne-\u00e0-lint\u00e9rieur-dun-ancien-bastion-terroriste-apr\u00e8s-une-nouvelle-avanc\u00e9e-\u00e0-Idlib-300x156.jpg 300w\" sizes=\"(max-width: 540px) 100vw, 540px\" \/><\/p>\n","protected":false},"excerpt":{"rendered":"L'arm\u00e9e arabe syrienne a marqu\u00e9 une nouvelle avanc\u00e9e dans la campagne sud-est du gouvernorat d'Idlib, alors que ses troupes ont repris l'un des derniers bastions des rebelles djihadistes dans cette","protected":false},"author":2,"featured_media":0,"comment_status":"closed","ping_status":"open","sticky":false,"template":"","format":"standard","meta":[],"categories":[],"tags":[],"_links":{"self":[{"href":"https:\/\/www.lejournalduforkane.com\/index.php\/wp-json\/wp\/v2\/posts\/24105"}],"collection":[{"href":"https:\/\/www.lejournalduforkane.com\/index.php\/wp-json\/wp\/v2\/posts"}],"about":[{"href":"https:\/\/www.lejournalduforkane.com\/index.php\/wp-json\/wp\/v2\/types\/post"}],"author":[{"embeddable":true,"href":"https:\/\/www.lejournalduforkane.com\/index.php\/wp-json\/wp\/v2\/users\/2"}],"replies":[{"embeddable":true,"href":"https:\/\/www.lejournalduforkane.com\/index.php\/wp-json\/wp\/v2\/comments?post=24105"}],"version-history":[{"count":1,"href":"https:\/\/www.lejournalduforkane.com\/index.php\/wp-json\/wp\/v2\/posts\/24105\/revisions"}],"predecessor-version":[{"id":24107,"href":"https:\/\/www.lejournalduforkane.com\/index.php\/wp-json\/wp\/v2\/posts\/24105\/revisions\/24107"}],"wp:attachment":[{"href":"https:\/\/www.lejournalduforkane.com\/index.php\/wp-json\/wp\/v2\/media?parent=24105"}],"wp:term":[{"taxonomy":"category","embeddable":true,"href":"https:\/\/www.lejournalduforkane.com\/index.php\/wp-json\/wp\/v2\/categories?post=24105"},{"taxonomy":"post_tag","embeddable":true,"href":"https:\/\/www.lejournalduforkane.com\/index.php\/wp-json\/wp\/v2\/tags?post=24105"}],"curies":[{"name":"wp","href":"https:\/\/api.w.org\/{rel}","templated":true}]}}