
{"id":24114,"date":"2020-02-26T18:40:34","date_gmt":"2020-02-26T18:40:34","guid":{"rendered":"https:\/\/www.lejournalduforkane.com\/?p=24114"},"modified":"2020-02-26T18:40:34","modified_gmt":"2020-02-26T18:40:34","slug":"video-larmee-syrienne-realise-une-avancee-a-grande-echelle-dans-le-sud-didlib","status":"publish","type":"post","link":"https:\/\/www.lejournalduforkane.com\/index.php\/video-larmee-syrienne-realise-une-avancee-a-grande-echelle-dans-le-sud-didlib\/","title":{"rendered":"VID\u00c9O : l&rsquo;arm\u00e9e syrienne r\u00e9alise une avanc\u00e9e \u00e0 grande \u00e9chelle dans le sud d&rsquo;Idlib"},"content":{"rendered":"<p><!--more--><\/p>\n<p>Les unit\u00e9s de l&rsquo;arm\u00e9e arabe syrienne ont poursuivi leur avanc\u00e9e mardi dans la campagne sud d&rsquo;Idlib, prenant le contr\u00f4le d&rsquo;au moins 3 villages.<\/p>\n<p><iframe loading=\"lazy\" width=\"560\" height=\"315\" src=\"https:\/\/www.youtube.com\/embed\/DTtYH-6Lbq8\" frameborder=\"0\" allow=\"accelerometer; autoplay; encrypted-media; gyroscope; picture-in-picture\" allowfullscreen><\/iframe><\/p>\n<p><img loading=\"lazy\" src=\"https:\/\/www.lejournalduforkane.com\/wp-content\/uploads\/2020\/02\/larm\u00e9e-syrienne-r\u00e9alise-une-avanc\u00e9e-\u00e0-grande-\u00e9chelle-dans-le-sud-dIdlib.jpg\" alt=\"l&#039;arm\u00e9e syrienne r\u00e9alise une avanc\u00e9e \u00e0 grande \u00e9chelle dans le sud d&#039;Idlib\" width=\"476\" height=\"248\" class=\"alignnone size-full wp-image-24115\" srcset=\"https:\/\/www.lejournalduforkane.com\/wp-content\/uploads\/2020\/02\/larm\u00e9e-syrienne-r\u00e9alise-une-avanc\u00e9e-\u00e0-grande-\u00e9chelle-dans-le-sud-dIdlib.jpg 476w, https:\/\/www.lejournalduforkane.com\/wp-content\/uploads\/2020\/02\/larm\u00e9e-syrienne-r\u00e9alise-une-avanc\u00e9e-\u00e0-grande-\u00e9chelle-dans-le-sud-dIdlib-300x156.jpg 300w\" sizes=\"(max-width: 476px) 100vw, 476px\" \/><\/p>\n","protected":false},"excerpt":{"rendered":"Les unit\u00e9s de l'arm\u00e9e arabe syrienne ont poursuivi leur avanc\u00e9e mardi dans la campagne sud d'Idlib, prenant le contr\u00f4le d'au moins 3 villages.","protected":false},"author":2,"featured_media":0,"comment_status":"closed","ping_status":"open","sticky":false,"template":"","format":"standard","meta":[],"categories":[],"tags":[],"_links":{"self":[{"href":"https:\/\/www.lejournalduforkane.com\/index.php\/wp-json\/wp\/v2\/posts\/24114"}],"collection":[{"href":"https:\/\/www.lejournalduforkane.com\/index.php\/wp-json\/wp\/v2\/posts"}],"about":[{"href":"https:\/\/www.lejournalduforkane.com\/index.php\/wp-json\/wp\/v2\/types\/post"}],"author":[{"embeddable":true,"href":"https:\/\/www.lejournalduforkane.com\/index.php\/wp-json\/wp\/v2\/users\/2"}],"replies":[{"embeddable":true,"href":"https:\/\/www.lejournalduforkane.com\/index.php\/wp-json\/wp\/v2\/comments?post=24114"}],"version-history":[{"count":1,"href":"https:\/\/www.lejournalduforkane.com\/index.php\/wp-json\/wp\/v2\/posts\/24114\/revisions"}],"predecessor-version":[{"id":24116,"href":"https:\/\/www.lejournalduforkane.com\/index.php\/wp-json\/wp\/v2\/posts\/24114\/revisions\/24116"}],"wp:attachment":[{"href":"https:\/\/www.lejournalduforkane.com\/index.php\/wp-json\/wp\/v2\/media?parent=24114"}],"wp:term":[{"taxonomy":"category","embeddable":true,"href":"https:\/\/www.lejournalduforkane.com\/index.php\/wp-json\/wp\/v2\/categories?post=24114"},{"taxonomy":"post_tag","embeddable":true,"href":"https:\/\/www.lejournalduforkane.com\/index.php\/wp-json\/wp\/v2\/tags?post=24114"}],"curies":[{"name":"wp","href":"https:\/\/api.w.org\/{rel}","templated":true}]}}