
{"id":24117,"date":"2020-02-26T18:42:52","date_gmt":"2020-02-26T18:42:52","guid":{"rendered":"https:\/\/www.lejournalduforkane.com\/?p=24117"},"modified":"2020-02-26T18:42:52","modified_gmt":"2020-02-26T18:42:52","slug":"video-larmee-syrienne-abat-un-drone-militaire-turc-a-idlib","status":"publish","type":"post","link":"https:\/\/www.lejournalduforkane.com\/index.php\/video-larmee-syrienne-abat-un-drone-militaire-turc-a-idlib\/","title":{"rendered":"VID\u00c9O : L&rsquo;arm\u00e9e syrienne abat un drone militaire turc \u00e0 Idlib"},"content":{"rendered":"<p><!--more--><\/p>\n<p>L&rsquo;arm\u00e9e arabe syrienne a abattu mardi un drone militaire turc qui se d\u00e9pla\u00e7ait dans la r\u00e9gion de Dadekh, dans la campagne sud-est du gouvernorat d&rsquo;Idlib.<\/p>\n<p>L&rsquo;arm\u00e9e syrienne avait averti samedi dans un communiqu\u00e9 qu&rsquo;elle abattrait tout avion non autoris\u00e9 dans son espace a\u00e9rien.<\/p>\n<p><iframe loading=\"lazy\" width=\"560\" height=\"315\" src=\"https:\/\/www.youtube.com\/embed\/B85c6qnyhL0\" frameborder=\"0\" allow=\"accelerometer; autoplay; encrypted-media; gyroscope; picture-in-picture\" allowfullscreen><\/iframe><\/p>\n<p><img loading=\"lazy\" src=\"https:\/\/www.lejournalduforkane.com\/wp-content\/uploads\/2020\/02\/Larm\u00e9e-syrienne-abat-un-drone-militaire-turc-\u00e0-Idlib.jpg\" alt=\"L&#039;arm\u00e9e syrienne abat un drone militaire turc \u00e0 Idlib\" width=\"476\" height=\"248\" class=\"alignnone size-full wp-image-24118\" srcset=\"https:\/\/www.lejournalduforkane.com\/wp-content\/uploads\/2020\/02\/Larm\u00e9e-syrienne-abat-un-drone-militaire-turc-\u00e0-Idlib.jpg 476w, https:\/\/www.lejournalduforkane.com\/wp-content\/uploads\/2020\/02\/Larm\u00e9e-syrienne-abat-un-drone-militaire-turc-\u00e0-Idlib-300x156.jpg 300w\" sizes=\"(max-width: 476px) 100vw, 476px\" \/><\/p>\n","protected":false},"excerpt":{"rendered":"L'arm\u00e9e arabe syrienne a abattu mardi un drone militaire turc qui se d\u00e9pla\u00e7ait dans la r\u00e9gion de Dadekh, dans la campagne sud-est du gouvernorat d'Idlib. L'arm\u00e9e syrienne avait averti samedi","protected":false},"author":2,"featured_media":0,"comment_status":"closed","ping_status":"open","sticky":false,"template":"","format":"standard","meta":[],"categories":[],"tags":[],"_links":{"self":[{"href":"https:\/\/www.lejournalduforkane.com\/index.php\/wp-json\/wp\/v2\/posts\/24117"}],"collection":[{"href":"https:\/\/www.lejournalduforkane.com\/index.php\/wp-json\/wp\/v2\/posts"}],"about":[{"href":"https:\/\/www.lejournalduforkane.com\/index.php\/wp-json\/wp\/v2\/types\/post"}],"author":[{"embeddable":true,"href":"https:\/\/www.lejournalduforkane.com\/index.php\/wp-json\/wp\/v2\/users\/2"}],"replies":[{"embeddable":true,"href":"https:\/\/www.lejournalduforkane.com\/index.php\/wp-json\/wp\/v2\/comments?post=24117"}],"version-history":[{"count":1,"href":"https:\/\/www.lejournalduforkane.com\/index.php\/wp-json\/wp\/v2\/posts\/24117\/revisions"}],"predecessor-version":[{"id":24119,"href":"https:\/\/www.lejournalduforkane.com\/index.php\/wp-json\/wp\/v2\/posts\/24117\/revisions\/24119"}],"wp:attachment":[{"href":"https:\/\/www.lejournalduforkane.com\/index.php\/wp-json\/wp\/v2\/media?parent=24117"}],"wp:term":[{"taxonomy":"category","embeddable":true,"href":"https:\/\/www.lejournalduforkane.com\/index.php\/wp-json\/wp\/v2\/categories?post=24117"},{"taxonomy":"post_tag","embeddable":true,"href":"https:\/\/www.lejournalduforkane.com\/index.php\/wp-json\/wp\/v2\/tags?post=24117"}],"curies":[{"name":"wp","href":"https:\/\/api.w.org\/{rel}","templated":true}]}}