
{"id":24124,"date":"2020-02-27T18:04:19","date_gmt":"2020-02-27T18:04:19","guid":{"rendered":"https:\/\/www.lejournalduforkane.com\/?p=24124"},"modified":"2020-02-29T18:07:32","modified_gmt":"2020-02-29T18:07:32","slug":"video-larmee-syrienne-decouvre-un-vaste-reseau-de-tunnels-dans-le-sud-didlib","status":"publish","type":"post","link":"https:\/\/www.lejournalduforkane.com\/index.php\/video-larmee-syrienne-decouvre-un-vaste-reseau-de-tunnels-dans-le-sud-didlib\/","title":{"rendered":"VID\u00c9O : l&rsquo;arm\u00e9e syrienne d\u00e9couvre un vaste r\u00e9seau de tunnels dans le sud d&rsquo;Idlib"},"content":{"rendered":"<p style=\"text-align: justify;\"><!--more--><\/p>\n<p style=\"text-align: justify;\">L&rsquo;arm\u00e9e arabe syrienne a d\u00e9couvert mardi un important r\u00e9seau de tunnels appartenant aux rebelles terroristes dans la campagne sud du gouvernorat d&rsquo;Idlib.\u00a0\u00a0<img loading=\"lazy\" class=\" wp-image-24125 alignright\" src=\"https:\/\/www.lejournalduforkane.com\/wp-content\/uploads\/2020\/02\/larm\u00e9e-syrienne-d\u00e9couvre-un-vaste-r\u00e9seau-de-tunnels-dans-le-sud-dIdlib.jpg\" alt=\"l'arm\u00e9e syrienne d\u00e9couvre un vaste r\u00e9seau de tunnels dans le sud d'Idlib\" width=\"306\" height=\"159\" srcset=\"https:\/\/www.lejournalduforkane.com\/wp-content\/uploads\/2020\/02\/larm\u00e9e-syrienne-d\u00e9couvre-un-vaste-r\u00e9seau-de-tunnels-dans-le-sud-dIdlib.jpg 540w, https:\/\/www.lejournalduforkane.com\/wp-content\/uploads\/2020\/02\/larm\u00e9e-syrienne-d\u00e9couvre-un-vaste-r\u00e9seau-de-tunnels-dans-le-sud-dIdlib-300x156.jpg 300w\" sizes=\"(max-width: 306px) 100vw, 306px\" \/><\/p>\n<p style=\"text-align: justify;\">Selon l&rsquo;agence de presse arabe syrienne (SANA), qui a film\u00e9 la sc\u00e8ne mardi, l&rsquo;arm\u00e9e syrienne a d\u00e9couvert ce vaste r\u00e9seau de tunnels apr\u00e8s avoir repris les villes de Ma\u2019arita, Sheikh Dames et Ma\u2019arat Tarmah dans le sud d&rsquo;Idlib.<\/p>\n<p style=\"text-align: justify;\">Dans la vid\u00e9o publi\u00e9e mardi par SANA, ils ont montr\u00e9 comment les tunnels \u00e9taient organis\u00e9s : QG, h\u00f4pitaux de campagne militaires pour leurs combattants bless\u00e9s.<\/p>\n<p style=\"text-align: justify;\">Ces tunnels sont plut\u00f4t r\u00e9pandus dans le gouvernorat d&rsquo;Idlib, car des r\u00e9seaux similaires ont \u00e9t\u00e9 trouv\u00e9s dans des villes r\u00e9cemment reprises dans le nord-ouest de la Syrie.<\/p>\n<p style=\"text-align: justify;\"><iframe loading=\"lazy\" src=\"https:\/\/www.youtube.com\/embed\/RVR4RtwjLiI\" width=\"560\" height=\"315\" frameborder=\"0\" allowfullscreen=\"allowfullscreen\"><\/iframe><\/p>\n","protected":false},"excerpt":{"rendered":"L'arm\u00e9e arabe syrienne a d\u00e9couvert mardi un important r\u00e9seau de tunnels appartenant aux rebelles terroristes dans la campagne sud du gouvernorat d'Idlib.\u00a0\u00a0 Selon l'agence de presse arabe syrienne (SANA), qui","protected":false},"author":2,"featured_media":0,"comment_status":"closed","ping_status":"open","sticky":false,"template":"","format":"standard","meta":[],"categories":[],"tags":[],"_links":{"self":[{"href":"https:\/\/www.lejournalduforkane.com\/index.php\/wp-json\/wp\/v2\/posts\/24124"}],"collection":[{"href":"https:\/\/www.lejournalduforkane.com\/index.php\/wp-json\/wp\/v2\/posts"}],"about":[{"href":"https:\/\/www.lejournalduforkane.com\/index.php\/wp-json\/wp\/v2\/types\/post"}],"author":[{"embeddable":true,"href":"https:\/\/www.lejournalduforkane.com\/index.php\/wp-json\/wp\/v2\/users\/2"}],"replies":[{"embeddable":true,"href":"https:\/\/www.lejournalduforkane.com\/index.php\/wp-json\/wp\/v2\/comments?post=24124"}],"version-history":[{"count":1,"href":"https:\/\/www.lejournalduforkane.com\/index.php\/wp-json\/wp\/v2\/posts\/24124\/revisions"}],"predecessor-version":[{"id":24126,"href":"https:\/\/www.lejournalduforkane.com\/index.php\/wp-json\/wp\/v2\/posts\/24124\/revisions\/24126"}],"wp:attachment":[{"href":"https:\/\/www.lejournalduforkane.com\/index.php\/wp-json\/wp\/v2\/media?parent=24124"}],"wp:term":[{"taxonomy":"category","embeddable":true,"href":"https:\/\/www.lejournalduforkane.com\/index.php\/wp-json\/wp\/v2\/categories?post=24124"},{"taxonomy":"post_tag","embeddable":true,"href":"https:\/\/www.lejournalduforkane.com\/index.php\/wp-json\/wp\/v2\/tags?post=24124"}],"curies":[{"name":"wp","href":"https:\/\/api.w.org\/{rel}","templated":true}]}}