
{"id":24127,"date":"2020-02-27T18:07:58","date_gmt":"2020-02-27T18:07:58","guid":{"rendered":"https:\/\/www.lejournalduforkane.com\/?p=24127"},"modified":"2020-02-29T18:10:01","modified_gmt":"2020-02-29T18:10:01","slug":"le-regime-saoudien-suspend-le-pelerinage-de-la-omra-par-crainte-du-coronavirus","status":"publish","type":"post","link":"https:\/\/www.lejournalduforkane.com\/index.php\/le-regime-saoudien-suspend-le-pelerinage-de-la-omra-par-crainte-du-coronavirus\/","title":{"rendered":"Le r\u00e9gime saoudien suspend le p\u00e8lerinage de la Omra par crainte du Coronavirus"},"content":{"rendered":"<p><!--more--><\/p>\n<p style=\"text-align: justify;\">L&rsquo;Arabie saoudite a d\u00e9clar\u00e9 qu&rsquo;elle avait temporairement suspendu l&rsquo;entr\u00e9e des personnes souhaitant effectuer la Omra ou visiter la mosqu\u00e9e du Proph\u00e8te \u00e0 M\u00e9dine, craignant la propagation de COVID-19, le nouveau coronavirus.<\/p>\n<p style=\"text-align: justify;\">Le minist\u00e8re des Affaires \u00e9trang\u00e8res du Royaume d&rsquo;Arabie saoudite a tweet\u00e9 jeudi matin que la suspension temporaire de la Omra est une mesure de pr\u00e9caution pour emp\u00eacher la propagation de la nouvelle maladie.<\/p>\n<p style=\"text-align: justify;\">Le minist\u00e8re des Affaires \u00e9trang\u00e8res a d\u00e9clar\u00e9 que la d\u00e9cision \u00e9tait l&rsquo;une des 3 pr\u00e9cautions prises par le gouvernement saoudien pour \u00ab\u00a0fournir les plus grandes protections \u00e0 la s\u00e9curit\u00e9 des citoyens et des r\u00e9sidents et de tous ceux qui ont l&rsquo;intention de venir sur le territoire du Royaume pour effectuer la Omra ou visiter la mosqu\u00e9e du Proph\u00e8te\u00a0\u00bb ou \u00e0 des fins touristiques. \u00ab\u00a0<\/p>\n<p><img loading=\"lazy\" class=\"alignnone size-full wp-image-24128\" src=\"https:\/\/www.lejournalduforkane.com\/wp-content\/uploads\/2020\/02\/Le-r\u00e9gime-saoudien-suspend-le-p\u00e8lerinage-de-la-Omra-par-crainte-du-Coronavirus.jpg\" alt=\"Le r\u00e9gime saoudien suspend le p\u00e8lerinage de la Omra par crainte du Coronavirus\" width=\"650\" height=\"365\" srcset=\"https:\/\/www.lejournalduforkane.com\/wp-content\/uploads\/2020\/02\/Le-r\u00e9gime-saoudien-suspend-le-p\u00e8lerinage-de-la-Omra-par-crainte-du-Coronavirus.jpg 650w, https:\/\/www.lejournalduforkane.com\/wp-content\/uploads\/2020\/02\/Le-r\u00e9gime-saoudien-suspend-le-p\u00e8lerinage-de-la-Omra-par-crainte-du-Coronavirus-300x168.jpg 300w\" sizes=\"(max-width: 650px) 100vw, 650px\" \/><\/p>\n","protected":false},"excerpt":{"rendered":"L'Arabie saoudite a d\u00e9clar\u00e9 qu'elle avait temporairement suspendu l'entr\u00e9e des personnes souhaitant effectuer la Omra ou visiter la mosqu\u00e9e du Proph\u00e8te \u00e0 M\u00e9dine, craignant la propagation de COVID-19, le nouveau","protected":false},"author":2,"featured_media":0,"comment_status":"closed","ping_status":"open","sticky":false,"template":"","format":"standard","meta":[],"categories":[],"tags":[],"_links":{"self":[{"href":"https:\/\/www.lejournalduforkane.com\/index.php\/wp-json\/wp\/v2\/posts\/24127"}],"collection":[{"href":"https:\/\/www.lejournalduforkane.com\/index.php\/wp-json\/wp\/v2\/posts"}],"about":[{"href":"https:\/\/www.lejournalduforkane.com\/index.php\/wp-json\/wp\/v2\/types\/post"}],"author":[{"embeddable":true,"href":"https:\/\/www.lejournalduforkane.com\/index.php\/wp-json\/wp\/v2\/users\/2"}],"replies":[{"embeddable":true,"href":"https:\/\/www.lejournalduforkane.com\/index.php\/wp-json\/wp\/v2\/comments?post=24127"}],"version-history":[{"count":1,"href":"https:\/\/www.lejournalduforkane.com\/index.php\/wp-json\/wp\/v2\/posts\/24127\/revisions"}],"predecessor-version":[{"id":24129,"href":"https:\/\/www.lejournalduforkane.com\/index.php\/wp-json\/wp\/v2\/posts\/24127\/revisions\/24129"}],"wp:attachment":[{"href":"https:\/\/www.lejournalduforkane.com\/index.php\/wp-json\/wp\/v2\/media?parent=24127"}],"wp:term":[{"taxonomy":"category","embeddable":true,"href":"https:\/\/www.lejournalduforkane.com\/index.php\/wp-json\/wp\/v2\/categories?post=24127"},{"taxonomy":"post_tag","embeddable":true,"href":"https:\/\/www.lejournalduforkane.com\/index.php\/wp-json\/wp\/v2\/tags?post=24127"}],"curies":[{"name":"wp","href":"https:\/\/api.w.org\/{rel}","templated":true}]}}