
{"id":24146,"date":"2020-03-03T18:53:24","date_gmt":"2020-03-03T18:53:24","guid":{"rendered":"https:\/\/www.lejournalduforkane.com\/?p=24146"},"modified":"2020-03-04T19:00:48","modified_gmt":"2020-03-04T19:00:48","slug":"video-melenchon-accuse-le-regime-turc-de-vouloir-reinstaller-daesh-en-syrie","status":"publish","type":"post","link":"https:\/\/www.lejournalduforkane.com\/index.php\/video-melenchon-accuse-le-regime-turc-de-vouloir-reinstaller-daesh-en-syrie\/","title":{"rendered":"Vid\u00e9o : M\u00e9lenchon accuse le r\u00e9gime turc de vouloir \u00abr\u00e9installer Daesh\u00bb en Syrie"},"content":{"rendered":"<p><!--more--><\/p>\n<p><iframe loading=\"lazy\" width=\"620\" height=\"405\" src=\"\/\/rutube.ru\/play\/embed\/13086751\" frameborder=\"0\" webkitAllowFullScreen mozallowfullscreen allowfullscreen><\/iframe><\/p>\n<p><img loading=\"lazy\" src=\"https:\/\/www.lejournalduforkane.com\/wp-content\/uploads\/2020\/03\/M\u00e9lenchon-accuse-le-r\u00e9gime-turc-de-vouloir-\u00abr\u00e9installer-Daesh\u00bb-en-Syrie.jpg\" alt=\"M\u00e9lenchon accuse le r\u00e9gime turc de vouloir \u00abr\u00e9installer Daesh\u00bb en Syrie\" width=\"540\" height=\"281\" class=\"alignnone size-full wp-image-24147\" srcset=\"https:\/\/www.lejournalduforkane.com\/wp-content\/uploads\/2020\/03\/M\u00e9lenchon-accuse-le-r\u00e9gime-turc-de-vouloir-\u00abr\u00e9installer-Daesh\u00bb-en-Syrie.jpg 540w, https:\/\/www.lejournalduforkane.com\/wp-content\/uploads\/2020\/03\/M\u00e9lenchon-accuse-le-r\u00e9gime-turc-de-vouloir-\u00abr\u00e9installer-Daesh\u00bb-en-Syrie-300x156.jpg 300w\" sizes=\"(max-width: 540px) 100vw, 540px\" \/><\/p>\n","protected":false},"excerpt":{"rendered":"","protected":false},"author":2,"featured_media":0,"comment_status":"closed","ping_status":"open","sticky":false,"template":"","format":"standard","meta":[],"categories":[],"tags":[],"_links":{"self":[{"href":"https:\/\/www.lejournalduforkane.com\/index.php\/wp-json\/wp\/v2\/posts\/24146"}],"collection":[{"href":"https:\/\/www.lejournalduforkane.com\/index.php\/wp-json\/wp\/v2\/posts"}],"about":[{"href":"https:\/\/www.lejournalduforkane.com\/index.php\/wp-json\/wp\/v2\/types\/post"}],"author":[{"embeddable":true,"href":"https:\/\/www.lejournalduforkane.com\/index.php\/wp-json\/wp\/v2\/users\/2"}],"replies":[{"embeddable":true,"href":"https:\/\/www.lejournalduforkane.com\/index.php\/wp-json\/wp\/v2\/comments?post=24146"}],"version-history":[{"count":3,"href":"https:\/\/www.lejournalduforkane.com\/index.php\/wp-json\/wp\/v2\/posts\/24146\/revisions"}],"predecessor-version":[{"id":24152,"href":"https:\/\/www.lejournalduforkane.com\/index.php\/wp-json\/wp\/v2\/posts\/24146\/revisions\/24152"}],"wp:attachment":[{"href":"https:\/\/www.lejournalduforkane.com\/index.php\/wp-json\/wp\/v2\/media?parent=24146"}],"wp:term":[{"taxonomy":"category","embeddable":true,"href":"https:\/\/www.lejournalduforkane.com\/index.php\/wp-json\/wp\/v2\/categories?post=24146"},{"taxonomy":"post_tag","embeddable":true,"href":"https:\/\/www.lejournalduforkane.com\/index.php\/wp-json\/wp\/v2\/tags?post=24146"}],"curies":[{"name":"wp","href":"https:\/\/api.w.org\/{rel}","templated":true}]}}