
{"id":24179,"date":"2020-03-10T18:42:46","date_gmt":"2020-03-10T18:42:46","guid":{"rendered":"https:\/\/www.lejournalduforkane.com\/?p=24179"},"modified":"2020-03-11T18:45:26","modified_gmt":"2020-03-11T18:45:26","slug":"video-larmee-syrienne-decouvre-un-vaste-reseau-de-tunnels-terroristes-des-bases-dans-louest-dalep","status":"publish","type":"post","link":"https:\/\/www.lejournalduforkane.com\/index.php\/video-larmee-syrienne-decouvre-un-vaste-reseau-de-tunnels-terroristes-des-bases-dans-louest-dalep\/","title":{"rendered":"VID\u00c9O : L&rsquo;arm\u00e9e syrienne d\u00e9couvre un vaste r\u00e9seau de tunnels terroristes, des bases dans l&rsquo;ouest d&rsquo;Alep"},"content":{"rendered":"<p><!--more--><\/p>\n<p>L&rsquo;arm\u00e9e arabe syrienne a d\u00e9couvert des tunnels et des bases appartenant aux rebelles terroristes de l&rsquo;ouest d&rsquo;Alep cette semaine.\u00a0<img loading=\"lazy\" class=\"wp-image-24180 alignright\" src=\"https:\/\/www.lejournalduforkane.com\/wp-content\/uploads\/2020\/03\/safe_image-2.jpg\" alt=\"safe_image (2)\" width=\"269\" height=\"140\" srcset=\"https:\/\/www.lejournalduforkane.com\/wp-content\/uploads\/2020\/03\/safe_image-2.jpg 476w, https:\/\/www.lejournalduforkane.com\/wp-content\/uploads\/2020\/03\/safe_image-2-300x156.jpg 300w\" sizes=\"(max-width: 269px) 100vw, 269px\" \/><\/p>\n<p>Au cours de leur op\u00e9ration de ratissage \u00e0 grande \u00e9chelle dans la campagne occidentale d&rsquo;Alep, l&rsquo;arm\u00e9e arabe syrienne a trouv\u00e9 de grandes tranch\u00e9es se connectant \u00e0 des tunnels \u00e0 travers le champ de bataille.<\/p>\n<div class=\"text_exposed_show\">\n<p>En plus de ces tunnels et tranch\u00e9es, l&rsquo;arm\u00e9e syrienne a \u00e9galement trouv\u00e9 ce qui serait le quartier g\u00e9n\u00e9ral d&rsquo;Abou Mohammad Al-Jolani, le chef de Hay\u2019at Tahrir Al-Sham.<\/p>\n<p>Sur la base de la s\u00e9quence vid\u00e9o, les rebelles djihadistes \u00e9taient bien pr\u00e9par\u00e9s pour une longue bataille contre les forces arm\u00e9es syriennes; cependant, leurs pertes \u00e0 grande \u00e9chelle dans les gouvernorats d&rsquo;Alep et d&rsquo;Idlib semblent avoir jou\u00e9 un r\u00f4le majeur dans leur effondrement.<br \/>\n<iframe loading=\"lazy\" src=\"https:\/\/www.youtube.com\/embed\/Ohw0fGqRges\" width=\"560\" height=\"315\" frameborder=\"0\" allowfullscreen=\"allowfullscreen\"><\/iframe><\/p>\n<\/div>\n","protected":false},"excerpt":{"rendered":"L'arm\u00e9e arabe syrienne a d\u00e9couvert des tunnels et des bases appartenant aux rebelles terroristes de l'ouest d'Alep cette semaine.\u00a0 Au cours de leur op\u00e9ration de ratissage \u00e0 grande \u00e9chelle dans","protected":false},"author":2,"featured_media":0,"comment_status":"closed","ping_status":"open","sticky":false,"template":"","format":"standard","meta":[],"categories":[],"tags":[],"_links":{"self":[{"href":"https:\/\/www.lejournalduforkane.com\/index.php\/wp-json\/wp\/v2\/posts\/24179"}],"collection":[{"href":"https:\/\/www.lejournalduforkane.com\/index.php\/wp-json\/wp\/v2\/posts"}],"about":[{"href":"https:\/\/www.lejournalduforkane.com\/index.php\/wp-json\/wp\/v2\/types\/post"}],"author":[{"embeddable":true,"href":"https:\/\/www.lejournalduforkane.com\/index.php\/wp-json\/wp\/v2\/users\/2"}],"replies":[{"embeddable":true,"href":"https:\/\/www.lejournalduforkane.com\/index.php\/wp-json\/wp\/v2\/comments?post=24179"}],"version-history":[{"count":1,"href":"https:\/\/www.lejournalduforkane.com\/index.php\/wp-json\/wp\/v2\/posts\/24179\/revisions"}],"predecessor-version":[{"id":24181,"href":"https:\/\/www.lejournalduforkane.com\/index.php\/wp-json\/wp\/v2\/posts\/24179\/revisions\/24181"}],"wp:attachment":[{"href":"https:\/\/www.lejournalduforkane.com\/index.php\/wp-json\/wp\/v2\/media?parent=24179"}],"wp:term":[{"taxonomy":"category","embeddable":true,"href":"https:\/\/www.lejournalduforkane.com\/index.php\/wp-json\/wp\/v2\/categories?post=24179"},{"taxonomy":"post_tag","embeddable":true,"href":"https:\/\/www.lejournalduforkane.com\/index.php\/wp-json\/wp\/v2\/tags?post=24179"}],"curies":[{"name":"wp","href":"https:\/\/api.w.org\/{rel}","templated":true}]}}