
{"id":24196,"date":"2020-03-15T18:59:37","date_gmt":"2020-03-15T18:59:37","guid":{"rendered":"https:\/\/www.lejournalduforkane.com\/?p=24196"},"modified":"2020-03-15T18:59:37","modified_gmt":"2020-03-15T18:59:37","slug":"video-distribution-de-la-benediction-de-limam-reda-as-dans-les-hopitaux-iraniens-aux-patients-atteints-du-coronavirus-et-aux-medecins","status":"publish","type":"post","link":"https:\/\/www.lejournalduforkane.com\/index.php\/video-distribution-de-la-benediction-de-limam-reda-as-dans-les-hopitaux-iraniens-aux-patients-atteints-du-coronavirus-et-aux-medecins\/","title":{"rendered":"Vid\u00e9o | Distribution de la b\u00e9n\u00e9diction de l&rsquo;Imam Reda (AS) dans les h\u00f4pitaux iraniens aux patients atteints du Coronavirus et aux m\u00e9decins"},"content":{"rendered":"<p><!--more--><\/p>\n<p>\u00d4 Dieu gu\u00e9ris tous les malades<\/p>\n<p><iframe loading=\"lazy\" width=\"620\" height=\"405\" src=\"\/\/rutube.ru\/play\/embed\/13094513\" frameborder=\"0\" webkitAllowFullScreen mozallowfullscreen allowfullscreen><\/iframe><\/p>\n<p><img loading=\"lazy\" src=\"https:\/\/www.lejournalduforkane.com\/wp-content\/uploads\/2020\/03\/Distribution-de-la-b\u00e9n\u00e9diction-de-lImam-Reda-AS-dans-les-h\u00f4pitaux-iraniens-aux-patients-atteints-du-Coronavirus-et-aux-m\u00e9decins.jpg\" alt=\"Distribution de la b\u00e9n\u00e9diction de l&#039;Imam Reda (AS) dans les h\u00f4pitaux iraniens aux patients atteints du Coronavirus et aux m\u00e9decins\" width=\"499\" height=\"287\" class=\"alignnone size-full wp-image-24197\" srcset=\"https:\/\/www.lejournalduforkane.com\/wp-content\/uploads\/2020\/03\/Distribution-de-la-b\u00e9n\u00e9diction-de-lImam-Reda-AS-dans-les-h\u00f4pitaux-iraniens-aux-patients-atteints-du-Coronavirus-et-aux-m\u00e9decins.jpg 499w, https:\/\/www.lejournalduforkane.com\/wp-content\/uploads\/2020\/03\/Distribution-de-la-b\u00e9n\u00e9diction-de-lImam-Reda-AS-dans-les-h\u00f4pitaux-iraniens-aux-patients-atteints-du-Coronavirus-et-aux-m\u00e9decins-300x173.jpg 300w\" sizes=\"(max-width: 499px) 100vw, 499px\" \/><\/p>\n","protected":false},"excerpt":{"rendered":"\u00d4 Dieu gu\u00e9ris tous les malades","protected":false},"author":2,"featured_media":0,"comment_status":"closed","ping_status":"open","sticky":false,"template":"","format":"standard","meta":[],"categories":[],"tags":[],"_links":{"self":[{"href":"https:\/\/www.lejournalduforkane.com\/index.php\/wp-json\/wp\/v2\/posts\/24196"}],"collection":[{"href":"https:\/\/www.lejournalduforkane.com\/index.php\/wp-json\/wp\/v2\/posts"}],"about":[{"href":"https:\/\/www.lejournalduforkane.com\/index.php\/wp-json\/wp\/v2\/types\/post"}],"author":[{"embeddable":true,"href":"https:\/\/www.lejournalduforkane.com\/index.php\/wp-json\/wp\/v2\/users\/2"}],"replies":[{"embeddable":true,"href":"https:\/\/www.lejournalduforkane.com\/index.php\/wp-json\/wp\/v2\/comments?post=24196"}],"version-history":[{"count":1,"href":"https:\/\/www.lejournalduforkane.com\/index.php\/wp-json\/wp\/v2\/posts\/24196\/revisions"}],"predecessor-version":[{"id":24198,"href":"https:\/\/www.lejournalduforkane.com\/index.php\/wp-json\/wp\/v2\/posts\/24196\/revisions\/24198"}],"wp:attachment":[{"href":"https:\/\/www.lejournalduforkane.com\/index.php\/wp-json\/wp\/v2\/media?parent=24196"}],"wp:term":[{"taxonomy":"category","embeddable":true,"href":"https:\/\/www.lejournalduforkane.com\/index.php\/wp-json\/wp\/v2\/categories?post=24196"},{"taxonomy":"post_tag","embeddable":true,"href":"https:\/\/www.lejournalduforkane.com\/index.php\/wp-json\/wp\/v2\/tags?post=24196"}],"curies":[{"name":"wp","href":"https:\/\/api.w.org\/{rel}","templated":true}]}}