
{"id":24227,"date":"2020-03-18T20:03:47","date_gmt":"2020-03-18T20:03:47","guid":{"rendered":"https:\/\/www.lejournalduforkane.com\/?p=24227"},"modified":"2020-03-22T17:16:09","modified_gmt":"2020-03-22T17:16:09","slug":"la-chine","status":"publish","type":"post","link":"https:\/\/www.lejournalduforkane.com\/index.php\/la-chine\/","title":{"rendered":"\ufeffL&rsquo;Iran et la Chine ensembles pour lutter contre le coronavirus."},"content":{"rendered":"<p><!--more--><\/p>\n<p>Un \u00e9tudiant iranien s&rsquo;adresse aux chinois en mandarin.<\/p>\n<p>Remerciant le gouvernement et le peuple chinois pour leur aide et soutien, il esp\u00e8re que cette \u00e9preuve renforcera la solidarit\u00e9 entre les deux peuples.<\/p>\n<div class=\"text_exposed_show\">\n<p>Des images magnifiques !<\/p>\n<p><iframe loading=\"lazy\" src=\"https:\/\/www.youtube.com\/embed\/U1M4WuQRe-Y\" width=\"560\" height=\"315\" frameborder=\"0\" allowfullscreen=\"allowfullscreen\"><\/iframe><\/p>\n<p><img loading=\"lazy\" class=\"alignnone size-full wp-image-24228\" src=\"https:\/\/www.lejournalduforkane.com\/wp-content\/uploads\/2020\/03\/chine-et-iran.jpg\" alt=\"chine et iran\" width=\"504\" height=\"247\" srcset=\"https:\/\/www.lejournalduforkane.com\/wp-content\/uploads\/2020\/03\/chine-et-iran.jpg 504w, https:\/\/www.lejournalduforkane.com\/wp-content\/uploads\/2020\/03\/chine-et-iran-300x147.jpg 300w\" sizes=\"(max-width: 504px) 100vw, 504px\" \/><\/p>\n<\/div>\n","protected":false},"excerpt":{"rendered":"Un \u00e9tudiant iranien s'adresse aux chinois en mandarin. Remerciant le gouvernement et le peuple chinois pour leur aide et soutien, il esp\u00e8re que cette \u00e9preuve renforcera la solidarit\u00e9 entre les","protected":false},"author":2,"featured_media":0,"comment_status":"closed","ping_status":"open","sticky":false,"template":"","format":"standard","meta":[],"categories":[],"tags":[],"_links":{"self":[{"href":"https:\/\/www.lejournalduforkane.com\/index.php\/wp-json\/wp\/v2\/posts\/24227"}],"collection":[{"href":"https:\/\/www.lejournalduforkane.com\/index.php\/wp-json\/wp\/v2\/posts"}],"about":[{"href":"https:\/\/www.lejournalduforkane.com\/index.php\/wp-json\/wp\/v2\/types\/post"}],"author":[{"embeddable":true,"href":"https:\/\/www.lejournalduforkane.com\/index.php\/wp-json\/wp\/v2\/users\/2"}],"replies":[{"embeddable":true,"href":"https:\/\/www.lejournalduforkane.com\/index.php\/wp-json\/wp\/v2\/comments?post=24227"}],"version-history":[{"count":4,"href":"https:\/\/www.lejournalduforkane.com\/index.php\/wp-json\/wp\/v2\/posts\/24227\/revisions"}],"predecessor-version":[{"id":24246,"href":"https:\/\/www.lejournalduforkane.com\/index.php\/wp-json\/wp\/v2\/posts\/24227\/revisions\/24246"}],"wp:attachment":[{"href":"https:\/\/www.lejournalduforkane.com\/index.php\/wp-json\/wp\/v2\/media?parent=24227"}],"wp:term":[{"taxonomy":"category","embeddable":true,"href":"https:\/\/www.lejournalduforkane.com\/index.php\/wp-json\/wp\/v2\/categories?post=24227"},{"taxonomy":"post_tag","embeddable":true,"href":"https:\/\/www.lejournalduforkane.com\/index.php\/wp-json\/wp\/v2\/tags?post=24227"}],"curies":[{"name":"wp","href":"https:\/\/api.w.org\/{rel}","templated":true}]}}