
{"id":24279,"date":"2020-03-24T18:10:36","date_gmt":"2020-03-24T18:10:36","guid":{"rendered":"https:\/\/www.lejournalduforkane.com\/?p=24279"},"modified":"2020-03-30T16:50:15","modified_gmt":"2020-03-30T16:50:15","slug":"nasrallah-les-orphelins-du-coronavirus-doivent-devenir-pupilles-de-la-nation","status":"publish","type":"post","link":"https:\/\/www.lejournalduforkane.com\/index.php\/nasrallah-les-orphelins-du-coronavirus-doivent-devenir-pupilles-de-la-nation\/","title":{"rendered":"Nasrallah : Les orphelins du coronavirus doivent devenir pupilles de la Nation"},"content":{"rendered":"<p><!--more--><br \/>\nDiscours du Secr\u00e9taire G\u00e9n\u00e9ral du Hezbollah, Sayed Hassan Nasrallah, le 13 mars 2020, consacr\u00e9 presque exclusivement \u00e0 la crise sanitaire mondiale due au Covid-19 et aux mesures que chaque individu doit prendre pour se pr\u00e9server et prot\u00e9ger autrui.<\/p>\n<p><iframe loading=\"lazy\" frameborder=\"0\" width=\"640\" height=\"360\" src=\"https:\/\/www.dailymotion.com\/embed\/video\/x7svy9c\" allowfullscreen allow=\"autoplay\"><\/iframe><\/p>\n<p><img loading=\"lazy\" src=\"https:\/\/www.lejournalduforkane.com\/wp-content\/uploads\/2020\/03\/Les-orphelins-du-coronavirus-doivent-devenir-pupilles-de-la-Nation.jpg\" alt=\"Les orphelins du coronavirus doivent devenir pupilles de la Nation\" width=\"540\" height=\"282\" class=\"alignnone size-full wp-image-24280\" srcset=\"https:\/\/www.lejournalduforkane.com\/wp-content\/uploads\/2020\/03\/Les-orphelins-du-coronavirus-doivent-devenir-pupilles-de-la-Nation.jpg 540w, https:\/\/www.lejournalduforkane.com\/wp-content\/uploads\/2020\/03\/Les-orphelins-du-coronavirus-doivent-devenir-pupilles-de-la-Nation-300x157.jpg 300w\" sizes=\"(max-width: 540px) 100vw, 540px\" \/><\/p>\n","protected":false},"excerpt":{"rendered":"Discours du Secr\u00e9taire G\u00e9n\u00e9ral du Hezbollah, Sayed Hassan Nasrallah, le 13 mars 2020, consacr\u00e9 presque exclusivement \u00e0 la crise sanitaire mondiale due au Covid-19 et aux mesures que chaque individu","protected":false},"author":2,"featured_media":0,"comment_status":"closed","ping_status":"open","sticky":false,"template":"","format":"standard","meta":[],"categories":[],"tags":[],"_links":{"self":[{"href":"https:\/\/www.lejournalduforkane.com\/index.php\/wp-json\/wp\/v2\/posts\/24279"}],"collection":[{"href":"https:\/\/www.lejournalduforkane.com\/index.php\/wp-json\/wp\/v2\/posts"}],"about":[{"href":"https:\/\/www.lejournalduforkane.com\/index.php\/wp-json\/wp\/v2\/types\/post"}],"author":[{"embeddable":true,"href":"https:\/\/www.lejournalduforkane.com\/index.php\/wp-json\/wp\/v2\/users\/2"}],"replies":[{"embeddable":true,"href":"https:\/\/www.lejournalduforkane.com\/index.php\/wp-json\/wp\/v2\/comments?post=24279"}],"version-history":[{"count":1,"href":"https:\/\/www.lejournalduforkane.com\/index.php\/wp-json\/wp\/v2\/posts\/24279\/revisions"}],"predecessor-version":[{"id":24281,"href":"https:\/\/www.lejournalduforkane.com\/index.php\/wp-json\/wp\/v2\/posts\/24279\/revisions\/24281"}],"wp:attachment":[{"href":"https:\/\/www.lejournalduforkane.com\/index.php\/wp-json\/wp\/v2\/media?parent=24279"}],"wp:term":[{"taxonomy":"category","embeddable":true,"href":"https:\/\/www.lejournalduforkane.com\/index.php\/wp-json\/wp\/v2\/categories?post=24279"},{"taxonomy":"post_tag","embeddable":true,"href":"https:\/\/www.lejournalduforkane.com\/index.php\/wp-json\/wp\/v2\/tags?post=24279"}],"curies":[{"name":"wp","href":"https:\/\/api.w.org\/{rel}","templated":true}]}}