
{"id":24299,"date":"2020-03-27T05:30:51","date_gmt":"2020-03-27T05:30:51","guid":{"rendered":"https:\/\/www.lejournalduforkane.com\/?p=24299"},"modified":"2020-03-30T16:49:18","modified_gmt":"2020-03-30T16:49:18","slug":"coronavirus-poutine-decrete-une-semaine-de-conges-payes-pour-tous-les-travailleurs-non-essentiels","status":"publish","type":"post","link":"https:\/\/www.lejournalduforkane.com\/index.php\/coronavirus-poutine-decrete-une-semaine-de-conges-payes-pour-tous-les-travailleurs-non-essentiels\/","title":{"rendered":"Coronavirus : Poutine d\u00e9cr\u00e8te une semaine de cong\u00e9s pay\u00e9s pour tous les travailleurs non-essentiels"},"content":{"rendered":"<p><!--more--><br \/>\nCoronavirus : Poutine d\u00e9cr\u00e8te une semaine de cong\u00e9s pay\u00e9s pour tous les travailleurs non-essentiels<\/p>\n<p>Discours \u00e0 la nation, 25 mars 2020.<\/p>\n<div class=\"PopinEmbedVideo__embedHtml___-JMos\">&lt;iframe frameborder=\u00a0\u00bb0&Prime; width=\u00a0\u00bb640&Prime; height=\u00a0\u00bb360&Prime; <iframe loading=\"lazy\" frameborder=\"0\" width=\"640\" height=\"360\" src=\"https:\/\/www.dailymotion.com\/embed\/video\/x7syfr3\" allowfullscreen allow=\"autoplay\"><\/iframe><\/p>\n<p><img loading=\"lazy\" src=\"https:\/\/www.lejournalduforkane.com\/wp-content\/uploads\/2020\/03\/cp-en-russie.jpg\" alt=\"cp en russie\" width=\"540\" height=\"282\" class=\"alignnone size-full wp-image-24300\" srcset=\"https:\/\/www.lejournalduforkane.com\/wp-content\/uploads\/2020\/03\/cp-en-russie.jpg 540w, https:\/\/www.lejournalduforkane.com\/wp-content\/uploads\/2020\/03\/cp-en-russie-300x157.jpg 300w\" sizes=\"(max-width: 540px) 100vw, 540px\" \/><\/p>\n","protected":false},"excerpt":{"rendered":"Coronavirus : Poutine d\u00e9cr\u00e8te une semaine de cong\u00e9s pay\u00e9s pour tous les travailleurs non-essentiels Discours \u00e0 la nation, 25 mars 2020. &lt;iframe frameborder=\"0\" width=\"640\" height=\"360\"","protected":false},"author":2,"featured_media":0,"comment_status":"closed","ping_status":"open","sticky":false,"template":"","format":"standard","meta":[],"categories":[],"tags":[],"_links":{"self":[{"href":"https:\/\/www.lejournalduforkane.com\/index.php\/wp-json\/wp\/v2\/posts\/24299"}],"collection":[{"href":"https:\/\/www.lejournalduforkane.com\/index.php\/wp-json\/wp\/v2\/posts"}],"about":[{"href":"https:\/\/www.lejournalduforkane.com\/index.php\/wp-json\/wp\/v2\/types\/post"}],"author":[{"embeddable":true,"href":"https:\/\/www.lejournalduforkane.com\/index.php\/wp-json\/wp\/v2\/users\/2"}],"replies":[{"embeddable":true,"href":"https:\/\/www.lejournalduforkane.com\/index.php\/wp-json\/wp\/v2\/comments?post=24299"}],"version-history":[{"count":1,"href":"https:\/\/www.lejournalduforkane.com\/index.php\/wp-json\/wp\/v2\/posts\/24299\/revisions"}],"predecessor-version":[{"id":24301,"href":"https:\/\/www.lejournalduforkane.com\/index.php\/wp-json\/wp\/v2\/posts\/24299\/revisions\/24301"}],"wp:attachment":[{"href":"https:\/\/www.lejournalduforkane.com\/index.php\/wp-json\/wp\/v2\/media?parent=24299"}],"wp:term":[{"taxonomy":"category","embeddable":true,"href":"https:\/\/www.lejournalduforkane.com\/index.php\/wp-json\/wp\/v2\/categories?post=24299"},{"taxonomy":"post_tag","embeddable":true,"href":"https:\/\/www.lejournalduforkane.com\/index.php\/wp-json\/wp\/v2\/tags?post=24299"}],"curies":[{"name":"wp","href":"https:\/\/api.w.org\/{rel}","templated":true}]}}