
{"id":24305,"date":"2020-03-28T18:40:16","date_gmt":"2020-03-28T18:40:16","guid":{"rendered":"https:\/\/www.lejournalduforkane.com\/?p=24305"},"modified":"2020-03-30T16:24:55","modified_gmt":"2020-03-30T16:24:55","slug":"plus-de-11-000-guerisons-du-coronavirus-en-iran","status":"publish","type":"post","link":"https:\/\/www.lejournalduforkane.com\/index.php\/plus-de-11-000-guerisons-du-coronavirus-en-iran\/","title":{"rendered":"Plus de 11 000 gu\u00e9risons du coronavirus en Iran"},"content":{"rendered":"<p><!--more--><\/p>\n<p>Le minist\u00e8re iranien de la Sant\u00e9 a annonc\u00e9 vendredi que 2 926 nouveaux cas d&rsquo;infection au virus COVID-19 ont \u00e9t\u00e9 identifi\u00e9s dans le pays, ajoutant que 2 378 patients sont d\u00e9c\u00e9d\u00e9s jusqu&rsquo;\u00e0 pr\u00e9sent.\u00a0<img loading=\"lazy\" class=\"wp-image-24306 alignright\" src=\"https:\/\/www.lejournalduforkane.com\/wp-content\/uploads\/2020\/03\/Plus-de-11-000-gu\u00e9risons-du-coronavirus-en-Iran.jpg\" alt=\"Plus de 11 000 gu\u00e9risons du coronavirus en Iran\" width=\"256\" height=\"144\" srcset=\"https:\/\/www.lejournalduforkane.com\/wp-content\/uploads\/2020\/03\/Plus-de-11-000-gu\u00e9risons-du-coronavirus-en-Iran.jpg 960w, https:\/\/www.lejournalduforkane.com\/wp-content\/uploads\/2020\/03\/Plus-de-11-000-gu\u00e9risons-du-coronavirus-en-Iran-300x169.jpg 300w, https:\/\/www.lejournalduforkane.com\/wp-content\/uploads\/2020\/03\/Plus-de-11-000-gu\u00e9risons-du-coronavirus-en-Iran-768x432.jpg 768w\" sizes=\"(max-width: 256px) 100vw, 256px\" \/><\/p>\n<p>\u00ab\u00a0Selon les r\u00e9sultats des laboratoires, 2 926 nouveaux cas d&rsquo;infection au virus COVID-19 ont \u00e9t\u00e9 identifi\u00e9s en Iran depuis jeudi, portant le nombre d&rsquo;infections \u00e0 32 332\u00a0\u00bb, a d\u00e9clar\u00e9 le porte-parole du minist\u00e8re de la Sant\u00e9, Kianoush Jahanpour.<\/p>\n<p>Il a ajout\u00e9 que, heureusement, 11 133 patients infect\u00e9s par le virus COVID-19 ont \u00e9galement r\u00e9cup\u00e9r\u00e9 et sont sortis de l&rsquo;h\u00f4pital.<br \/>\nJahanpour a d\u00e9clar\u00e9 que 144 patients atteints de coronavirus sont d\u00e9c\u00e9d\u00e9s depuis jeudi, notant que le nombre de morts est pass\u00e9 \u00e0 2 387 jusqu&rsquo;\u00e0 pr\u00e9sent.<br \/>\nIl a ajout\u00e9 qu&rsquo;environ 51 millions de personnes en Iran ont jusqu&rsquo;\u00e0 pr\u00e9sent \u00e9t\u00e9 d\u00e9pist\u00e9es dans le cadre du plan national de mobilisation contre le coronavirus.<\/p>\n","protected":false},"excerpt":{"rendered":"Le minist\u00e8re iranien de la Sant\u00e9 a annonc\u00e9 vendredi que 2 926 nouveaux cas d'infection au virus COVID-19 ont \u00e9t\u00e9 identifi\u00e9s dans le pays, ajoutant que 2 378 patients sont","protected":false},"author":2,"featured_media":0,"comment_status":"closed","ping_status":"open","sticky":false,"template":"","format":"standard","meta":[],"categories":[],"tags":[],"_links":{"self":[{"href":"https:\/\/www.lejournalduforkane.com\/index.php\/wp-json\/wp\/v2\/posts\/24305"}],"collection":[{"href":"https:\/\/www.lejournalduforkane.com\/index.php\/wp-json\/wp\/v2\/posts"}],"about":[{"href":"https:\/\/www.lejournalduforkane.com\/index.php\/wp-json\/wp\/v2\/types\/post"}],"author":[{"embeddable":true,"href":"https:\/\/www.lejournalduforkane.com\/index.php\/wp-json\/wp\/v2\/users\/2"}],"replies":[{"embeddable":true,"href":"https:\/\/www.lejournalduforkane.com\/index.php\/wp-json\/wp\/v2\/comments?post=24305"}],"version-history":[{"count":1,"href":"https:\/\/www.lejournalduforkane.com\/index.php\/wp-json\/wp\/v2\/posts\/24305\/revisions"}],"predecessor-version":[{"id":24307,"href":"https:\/\/www.lejournalduforkane.com\/index.php\/wp-json\/wp\/v2\/posts\/24305\/revisions\/24307"}],"wp:attachment":[{"href":"https:\/\/www.lejournalduforkane.com\/index.php\/wp-json\/wp\/v2\/media?parent=24305"}],"wp:term":[{"taxonomy":"category","embeddable":true,"href":"https:\/\/www.lejournalduforkane.com\/index.php\/wp-json\/wp\/v2\/categories?post=24305"},{"taxonomy":"post_tag","embeddable":true,"href":"https:\/\/www.lejournalduforkane.com\/index.php\/wp-json\/wp\/v2\/tags?post=24305"}],"curies":[{"name":"wp","href":"https:\/\/api.w.org\/{rel}","templated":true}]}}