
{"id":24319,"date":"2020-03-29T16:37:20","date_gmt":"2020-03-29T16:37:20","guid":{"rendered":"https:\/\/www.lejournalduforkane.com\/?p=24319"},"modified":"2020-03-30T16:39:51","modified_gmt":"2020-03-30T16:39:51","slug":"video-coronavirus-larmee-iranienne-monte-un-hopital-de-2000-lits-en-48-heures","status":"publish","type":"post","link":"https:\/\/www.lejournalduforkane.com\/index.php\/video-coronavirus-larmee-iranienne-monte-un-hopital-de-2000-lits-en-48-heures\/","title":{"rendered":"Vid\u00e9o | Coronavirus : l&rsquo;arm\u00e9e iranienne monte un h\u00f4pital de 2000 lits en 48 heures"},"content":{"rendered":"<p><!--more--><br \/>\n2<br \/>\n<iframe loading=\"lazy\" frameborder=\"0\" width=\"640\" height=\"360\" src=\"https:\/\/www.dailymotion.com\/embed\/video\/x7szhcx\" allowfullscreen allow=\"autoplay\"><\/iframe><\/p>\n","protected":false},"excerpt":{"rendered":"2","protected":false},"author":2,"featured_media":0,"comment_status":"closed","ping_status":"open","sticky":false,"template":"","format":"standard","meta":[],"categories":[],"tags":[],"_links":{"self":[{"href":"https:\/\/www.lejournalduforkane.com\/index.php\/wp-json\/wp\/v2\/posts\/24319"}],"collection":[{"href":"https:\/\/www.lejournalduforkane.com\/index.php\/wp-json\/wp\/v2\/posts"}],"about":[{"href":"https:\/\/www.lejournalduforkane.com\/index.php\/wp-json\/wp\/v2\/types\/post"}],"author":[{"embeddable":true,"href":"https:\/\/www.lejournalduforkane.com\/index.php\/wp-json\/wp\/v2\/users\/2"}],"replies":[{"embeddable":true,"href":"https:\/\/www.lejournalduforkane.com\/index.php\/wp-json\/wp\/v2\/comments?post=24319"}],"version-history":[{"count":1,"href":"https:\/\/www.lejournalduforkane.com\/index.php\/wp-json\/wp\/v2\/posts\/24319\/revisions"}],"predecessor-version":[{"id":24321,"href":"https:\/\/www.lejournalduforkane.com\/index.php\/wp-json\/wp\/v2\/posts\/24319\/revisions\/24321"}],"wp:attachment":[{"href":"https:\/\/www.lejournalduforkane.com\/index.php\/wp-json\/wp\/v2\/media?parent=24319"}],"wp:term":[{"taxonomy":"category","embeddable":true,"href":"https:\/\/www.lejournalduforkane.com\/index.php\/wp-json\/wp\/v2\/categories?post=24319"},{"taxonomy":"post_tag","embeddable":true,"href":"https:\/\/www.lejournalduforkane.com\/index.php\/wp-json\/wp\/v2\/tags?post=24319"}],"curies":[{"name":"wp","href":"https:\/\/api.w.org\/{rel}","templated":true}]}}