
{"id":24334,"date":"2020-03-31T20:15:13","date_gmt":"2020-03-31T20:15:13","guid":{"rendered":"https:\/\/www.lejournalduforkane.com\/?p=24334"},"modified":"2020-03-31T20:15:13","modified_gmt":"2020-03-31T20:15:13","slug":"335-des-iraniens-infectes-par-le-covid-19-se-retablissent","status":"publish","type":"post","link":"https:\/\/www.lejournalduforkane.com\/index.php\/335-des-iraniens-infectes-par-le-covid-19-se-retablissent\/","title":{"rendered":"33,5% des Iraniens infect\u00e9s par le COVID-19 se r\u00e9tablissent"},"content":{"rendered":"<p style=\"text-align: justify;\"><!--more--><\/p>\n<p style=\"text-align: justify;\">Le porte-parole du minist\u00e8re iranien de la Sant\u00e9 a estim\u00e9 lundi le nombre de patients qui se sont r\u00e9tablis du nouveau coronavirus dans le pays \u00e0 13 911, soit 33,5% du total des infections. <img loading=\"lazy\" class=\"wp-image-24335 alignright\" src=\"https:\/\/www.lejournalduforkane.com\/wp-content\/uploads\/2020\/03\/covid-\u00e7.jpg\" alt=\"covid &amp;\u00e7\" width=\"223\" height=\"150\" srcset=\"https:\/\/www.lejournalduforkane.com\/wp-content\/uploads\/2020\/03\/covid-\u00e7.jpg 571w, https:\/\/www.lejournalduforkane.com\/wp-content\/uploads\/2020\/03\/covid-\u00e7-300x202.jpg 300w\" sizes=\"(max-width: 223px) 100vw, 223px\" \/><\/p>\n<p style=\"text-align: justify;\">Au cours des derni\u00e8res 24 heures, 3 186 nouveaux cas de coronavirus ont \u00e9t\u00e9 diagnostiqu\u00e9s \u00e0 travers l&rsquo;Iran, portant le nombre total de personnes infect\u00e9es \u00e0 41 495 dans le pays, a d\u00e9clar\u00e9 Kianoosh Jahanpoor \u00e0 la t\u00e9l\u00e9vision publique.<\/p>\n<p style=\"text-align: justify;\">\u00ab\u00a0Avec 117 nouveaux d\u00e9c\u00e8s au cours des derni\u00e8res 24 heures, le nombre de morts du virus a atteint 2 757\u00a0\u00bb, a-t-il ajout\u00e9.<\/p>\n<p style=\"text-align: justify;\">Le porte-parole du minist\u00e8re a en outre estim\u00e9 \u00e0 13 911 le nombre de personnes r\u00e9tablies \u00e0 ce jour.<br \/>\nLe minist\u00e8re iranien de la Sant\u00e9 a annonc\u00e9 samedi que le pays d\u00e9veloppait une m\u00e9thode de traitement qui pourrait aider \u00e0 pr\u00e9venir la propagation du COVID-19, \u00e0 l&rsquo;aide de cellules souches.<\/p>\n","protected":false},"excerpt":{"rendered":"Le porte-parole du minist\u00e8re iranien de la Sant\u00e9 a estim\u00e9 lundi le nombre de patients qui se sont r\u00e9tablis du nouveau coronavirus dans le pays \u00e0 13 911, soit 33,5%","protected":false},"author":2,"featured_media":0,"comment_status":"closed","ping_status":"open","sticky":false,"template":"","format":"standard","meta":[],"categories":[],"tags":[],"_links":{"self":[{"href":"https:\/\/www.lejournalduforkane.com\/index.php\/wp-json\/wp\/v2\/posts\/24334"}],"collection":[{"href":"https:\/\/www.lejournalduforkane.com\/index.php\/wp-json\/wp\/v2\/posts"}],"about":[{"href":"https:\/\/www.lejournalduforkane.com\/index.php\/wp-json\/wp\/v2\/types\/post"}],"author":[{"embeddable":true,"href":"https:\/\/www.lejournalduforkane.com\/index.php\/wp-json\/wp\/v2\/users\/2"}],"replies":[{"embeddable":true,"href":"https:\/\/www.lejournalduforkane.com\/index.php\/wp-json\/wp\/v2\/comments?post=24334"}],"version-history":[{"count":1,"href":"https:\/\/www.lejournalduforkane.com\/index.php\/wp-json\/wp\/v2\/posts\/24334\/revisions"}],"predecessor-version":[{"id":24336,"href":"https:\/\/www.lejournalduforkane.com\/index.php\/wp-json\/wp\/v2\/posts\/24334\/revisions\/24336"}],"wp:attachment":[{"href":"https:\/\/www.lejournalduforkane.com\/index.php\/wp-json\/wp\/v2\/media?parent=24334"}],"wp:term":[{"taxonomy":"category","embeddable":true,"href":"https:\/\/www.lejournalduforkane.com\/index.php\/wp-json\/wp\/v2\/categories?post=24334"},{"taxonomy":"post_tag","embeddable":true,"href":"https:\/\/www.lejournalduforkane.com\/index.php\/wp-json\/wp\/v2\/tags?post=24334"}],"curies":[{"name":"wp","href":"https:\/\/api.w.org\/{rel}","templated":true}]}}