
{"id":24348,"date":"2020-03-31T06:17:06","date_gmt":"2020-03-31T06:17:06","guid":{"rendered":"https:\/\/www.lejournalduforkane.com\/?p=24348"},"modified":"2020-04-05T06:19:57","modified_gmt":"2020-04-05T06:19:57","slug":"nasrallah-20-000-personnels-soignants-du-hezbollah-sont-deja-engages-dans-la-lutte-contre-le-coronavirus","status":"publish","type":"post","link":"https:\/\/www.lejournalduforkane.com\/index.php\/nasrallah-20-000-personnels-soignants-du-hezbollah-sont-deja-engages-dans-la-lutte-contre-le-coronavirus\/","title":{"rendered":"Nasrallah : \u00ab\u00a020 000 personnels soignants du Hezbollah sont d\u00e9j\u00e0 engag\u00e9s dans la lutte contre le coronavirus\u00a0\u00bb"},"content":{"rendered":"<p><!--more--><\/p>\n<p>Secr\u00e9taire G\u00e9n\u00e9ral du Hezbollah, Sayed Hassan Nasrallah, le 20 mars 2020, consacr\u00e9 \u00e0 la pand\u00e9mie du covid-19.<\/p>\n<p><iframe loading=\"lazy\" frameborder=\"0\" width=\"640\" height=\"360\" src=\"https:\/\/www.dailymotion.com\/embed\/video\/x7t0sxv\" allowfullscreen allow=\"autoplay\"><\/iframe><\/p>\n<p><img loading=\"lazy\" src=\"https:\/\/www.lejournalduforkane.com\/wp-content\/uploads\/2020\/04\/20-000-personnels-soignants-du-Hezbollah-sont-d\u00e9j\u00e0-engag\u00e9s-dans-la-lutte-contre-le-coronavirus.jpg\" alt=\"20 000 personnels soignants du Hezbollah sont d\u00e9j\u00e0 engag\u00e9s dans la lutte contre le coronavirus\" width=\"540\" height=\"282\" class=\"alignnone size-full wp-image-24349\" srcset=\"https:\/\/www.lejournalduforkane.com\/wp-content\/uploads\/2020\/04\/20-000-personnels-soignants-du-Hezbollah-sont-d\u00e9j\u00e0-engag\u00e9s-dans-la-lutte-contre-le-coronavirus.jpg 540w, https:\/\/www.lejournalduforkane.com\/wp-content\/uploads\/2020\/04\/20-000-personnels-soignants-du-Hezbollah-sont-d\u00e9j\u00e0-engag\u00e9s-dans-la-lutte-contre-le-coronavirus-300x157.jpg 300w\" sizes=\"(max-width: 540px) 100vw, 540px\" \/><\/p>\n","protected":false},"excerpt":{"rendered":"Secr\u00e9taire G\u00e9n\u00e9ral du Hezbollah, Sayed Hassan Nasrallah, le 20 mars 2020, consacr\u00e9 \u00e0 la pand\u00e9mie du covid-19.","protected":false},"author":2,"featured_media":0,"comment_status":"closed","ping_status":"open","sticky":false,"template":"","format":"standard","meta":[],"categories":[],"tags":[],"_links":{"self":[{"href":"https:\/\/www.lejournalduforkane.com\/index.php\/wp-json\/wp\/v2\/posts\/24348"}],"collection":[{"href":"https:\/\/www.lejournalduforkane.com\/index.php\/wp-json\/wp\/v2\/posts"}],"about":[{"href":"https:\/\/www.lejournalduforkane.com\/index.php\/wp-json\/wp\/v2\/types\/post"}],"author":[{"embeddable":true,"href":"https:\/\/www.lejournalduforkane.com\/index.php\/wp-json\/wp\/v2\/users\/2"}],"replies":[{"embeddable":true,"href":"https:\/\/www.lejournalduforkane.com\/index.php\/wp-json\/wp\/v2\/comments?post=24348"}],"version-history":[{"count":1,"href":"https:\/\/www.lejournalduforkane.com\/index.php\/wp-json\/wp\/v2\/posts\/24348\/revisions"}],"predecessor-version":[{"id":24350,"href":"https:\/\/www.lejournalduforkane.com\/index.php\/wp-json\/wp\/v2\/posts\/24348\/revisions\/24350"}],"wp:attachment":[{"href":"https:\/\/www.lejournalduforkane.com\/index.php\/wp-json\/wp\/v2\/media?parent=24348"}],"wp:term":[{"taxonomy":"category","embeddable":true,"href":"https:\/\/www.lejournalduforkane.com\/index.php\/wp-json\/wp\/v2\/categories?post=24348"},{"taxonomy":"post_tag","embeddable":true,"href":"https:\/\/www.lejournalduforkane.com\/index.php\/wp-json\/wp\/v2\/tags?post=24348"}],"curies":[{"name":"wp","href":"https:\/\/api.w.org\/{rel}","templated":true}]}}