
{"id":24392,"date":"2020-04-08T17:23:27","date_gmt":"2020-04-08T17:23:27","guid":{"rendered":"https:\/\/www.lejournalduforkane.com\/?p=24392"},"modified":"2020-04-08T17:23:27","modified_gmt":"2020-04-08T17:23:27","slug":"hassan-nasrallah-la-foi-et-la-patience-sont-les-meilleures-armes-contre-le-coronavirus","status":"publish","type":"post","link":"https:\/\/www.lejournalduforkane.com\/index.php\/hassan-nasrallah-la-foi-et-la-patience-sont-les-meilleures-armes-contre-le-coronavirus\/","title":{"rendered":"Hassan Nasrallah : \u00ab\u00a0la foi et la patience sont les meilleures armes contre le coronavirus\u00a0\u00bb"},"content":{"rendered":"<p><!--more--><\/p>\n<p>Discours du Secr\u00e9taire G\u00e9n\u00e9ral du Hezbollah, Sayed Hassan Nasrallah, le 13 mars 2020, consacr\u00e9 presque exclusivement \u00e0 la crise sanitaire mondiale due au Covid-19 et aux mesures que chaque individu doit prendre pour se pr\u00e9server et prot\u00e9ger autrui.<\/p>\n<p><iframe loading=\"lazy\" frameborder=\"0\" width=\"640\" height=\"360\" src=\"https:\/\/www.dailymotion.com\/embed\/video\/x7t4umo\" allowfullscreen allow=\"autoplay\"><\/iframe><\/p>\n<p><img loading=\"lazy\" src=\"https:\/\/www.lejournalduforkane.com\/wp-content\/uploads\/2020\/04\/la-foi-et-la-patience-sont-les-meilleures-armes-contre-le-coronavirus.jpg\" alt=\"la foi et la patience sont les meilleures armes contre le coronavirus\" width=\"476\" height=\"248\" class=\"alignnone size-full wp-image-24393\" srcset=\"https:\/\/www.lejournalduforkane.com\/wp-content\/uploads\/2020\/04\/la-foi-et-la-patience-sont-les-meilleures-armes-contre-le-coronavirus.jpg 476w, https:\/\/www.lejournalduforkane.com\/wp-content\/uploads\/2020\/04\/la-foi-et-la-patience-sont-les-meilleures-armes-contre-le-coronavirus-300x156.jpg 300w\" sizes=\"(max-width: 476px) 100vw, 476px\" \/><\/p>\n","protected":false},"excerpt":{"rendered":"Discours du Secr\u00e9taire G\u00e9n\u00e9ral du Hezbollah, Sayed Hassan Nasrallah, le 13 mars 2020, consacr\u00e9 presque exclusivement \u00e0 la crise sanitaire mondiale due au Covid-19 et aux mesures que chaque individu","protected":false},"author":2,"featured_media":0,"comment_status":"closed","ping_status":"open","sticky":false,"template":"","format":"standard","meta":[],"categories":[],"tags":[],"_links":{"self":[{"href":"https:\/\/www.lejournalduforkane.com\/index.php\/wp-json\/wp\/v2\/posts\/24392"}],"collection":[{"href":"https:\/\/www.lejournalduforkane.com\/index.php\/wp-json\/wp\/v2\/posts"}],"about":[{"href":"https:\/\/www.lejournalduforkane.com\/index.php\/wp-json\/wp\/v2\/types\/post"}],"author":[{"embeddable":true,"href":"https:\/\/www.lejournalduforkane.com\/index.php\/wp-json\/wp\/v2\/users\/2"}],"replies":[{"embeddable":true,"href":"https:\/\/www.lejournalduforkane.com\/index.php\/wp-json\/wp\/v2\/comments?post=24392"}],"version-history":[{"count":1,"href":"https:\/\/www.lejournalduforkane.com\/index.php\/wp-json\/wp\/v2\/posts\/24392\/revisions"}],"predecessor-version":[{"id":24394,"href":"https:\/\/www.lejournalduforkane.com\/index.php\/wp-json\/wp\/v2\/posts\/24392\/revisions\/24394"}],"wp:attachment":[{"href":"https:\/\/www.lejournalduforkane.com\/index.php\/wp-json\/wp\/v2\/media?parent=24392"}],"wp:term":[{"taxonomy":"category","embeddable":true,"href":"https:\/\/www.lejournalduforkane.com\/index.php\/wp-json\/wp\/v2\/categories?post=24392"},{"taxonomy":"post_tag","embeddable":true,"href":"https:\/\/www.lejournalduforkane.com\/index.php\/wp-json\/wp\/v2\/tags?post=24392"}],"curies":[{"name":"wp","href":"https:\/\/api.w.org\/{rel}","templated":true}]}}