
{"id":24399,"date":"2020-04-10T07:41:00","date_gmt":"2020-04-10T07:41:00","guid":{"rendered":"https:\/\/www.lejournalduforkane.com\/?p=24399"},"modified":"2020-04-11T07:46:13","modified_gmt":"2020-04-11T07:46:13","slug":"reaction-de-limam-khamenei-a-la-suggestion-des-autorites-americaines-daider-liran-au-sujet-du-coronavirus","status":"publish","type":"post","link":"https:\/\/www.lejournalduforkane.com\/index.php\/reaction-de-limam-khamenei-a-la-suggestion-des-autorites-americaines-daider-liran-au-sujet-du-coronavirus\/","title":{"rendered":"R\u00e9action de l&rsquo;Imam Khamenei \u00e0 la suggestion des autorit\u00e9s am\u00e9ricaines d&rsquo;aider l&rsquo;Iran au sujet du coronavirus"},"content":{"rendered":"<p><!--more--><\/p>\n<div style=\"width: 600px;\" class=\"wp-video\"><!--[if lt IE 9]><script>document.createElement('video');<\/script><![endif]-->\n<video class=\"wp-video-shortcode\" id=\"video-24399-1\" width=\"600\" height=\"424\" preload=\"metadata\" controls=\"controls\"><source type=\"video\/mp4\" src=\"https:\/\/www.lejournalduforkane.com\/wp-content\/uploads\/2020\/04\/92503029_165213684655997_5930988586076733440_n-1.mp4?_=1\" \/><a href=\"https:\/\/www.lejournalduforkane.com\/wp-content\/uploads\/2020\/04\/92503029_165213684655997_5930988586076733440_n-1.mp4\">https:\/\/www.lejournalduforkane.com\/wp-content\/uploads\/2020\/04\/92503029_165213684655997_5930988586076733440_n-1.mp4<\/a><\/video><\/div>\n<p><img loading=\"lazy\" src=\"https:\/\/www.lejournalduforkane.com\/wp-content\/uploads\/2020\/04\/R\u00e9action-de-lImam-Khamenei-\u00e0-la-suggestion-des-autorit\u00e9s-am\u00e9ricaines-daider-lIran-au-sujet-du-coronavirus.jpg\" alt=\"R\u00e9action de l&#039;Imam Khamenei \u00e0 la suggestion des autorit\u00e9s am\u00e9ricaines d&#039;aider l&#039;Iran au sujet du coronavirus\" width=\"471\" height=\"266\" class=\"alignnone size-full wp-image-24401\" srcset=\"https:\/\/www.lejournalduforkane.com\/wp-content\/uploads\/2020\/04\/R\u00e9action-de-lImam-Khamenei-\u00e0-la-suggestion-des-autorit\u00e9s-am\u00e9ricaines-daider-lIran-au-sujet-du-coronavirus.jpg 471w, https:\/\/www.lejournalduforkane.com\/wp-content\/uploads\/2020\/04\/R\u00e9action-de-lImam-Khamenei-\u00e0-la-suggestion-des-autorit\u00e9s-am\u00e9ricaines-daider-lIran-au-sujet-du-coronavirus-300x169.jpg 300w\" sizes=\"(max-width: 471px) 100vw, 471px\" \/><\/p>\n","protected":false},"excerpt":{"rendered":"[video width=\"600\" height=\"424\" mp4=\"https:\/\/www.lejournalduforkane.com\/wp-content\/uploads\/2020\/04\/92503029_165213684655997_5930988586076733440_n-1.mp4\"][\/video]","protected":false},"author":2,"featured_media":0,"comment_status":"closed","ping_status":"open","sticky":false,"template":"","format":"standard","meta":[],"categories":[],"tags":[],"_links":{"self":[{"href":"https:\/\/www.lejournalduforkane.com\/index.php\/wp-json\/wp\/v2\/posts\/24399"}],"collection":[{"href":"https:\/\/www.lejournalduforkane.com\/index.php\/wp-json\/wp\/v2\/posts"}],"about":[{"href":"https:\/\/www.lejournalduforkane.com\/index.php\/wp-json\/wp\/v2\/types\/post"}],"author":[{"embeddable":true,"href":"https:\/\/www.lejournalduforkane.com\/index.php\/wp-json\/wp\/v2\/users\/2"}],"replies":[{"embeddable":true,"href":"https:\/\/www.lejournalduforkane.com\/index.php\/wp-json\/wp\/v2\/comments?post=24399"}],"version-history":[{"count":2,"href":"https:\/\/www.lejournalduforkane.com\/index.php\/wp-json\/wp\/v2\/posts\/24399\/revisions"}],"predecessor-version":[{"id":24403,"href":"https:\/\/www.lejournalduforkane.com\/index.php\/wp-json\/wp\/v2\/posts\/24399\/revisions\/24403"}],"wp:attachment":[{"href":"https:\/\/www.lejournalduforkane.com\/index.php\/wp-json\/wp\/v2\/media?parent=24399"}],"wp:term":[{"taxonomy":"category","embeddable":true,"href":"https:\/\/www.lejournalduforkane.com\/index.php\/wp-json\/wp\/v2\/categories?post=24399"},{"taxonomy":"post_tag","embeddable":true,"href":"https:\/\/www.lejournalduforkane.com\/index.php\/wp-json\/wp\/v2\/tags?post=24399"}],"curies":[{"name":"wp","href":"https:\/\/api.w.org\/{rel}","templated":true}]}}