
{"id":24456,"date":"2020-04-20T16:02:13","date_gmt":"2020-04-20T16:02:13","guid":{"rendered":"https:\/\/www.lejournalduforkane.com\/?p=24456"},"modified":"2020-04-22T16:07:30","modified_gmt":"2020-04-22T16:07:30","slug":"limam-khamenei-ne-pas-traiter-les-personnes-agees-est-une-consequence-de-la-domination-de-la-philosophie-materialiste","status":"publish","type":"post","link":"https:\/\/www.lejournalduforkane.com\/index.php\/limam-khamenei-ne-pas-traiter-les-personnes-agees-est-une-consequence-de-la-domination-de-la-philosophie-materialiste\/","title":{"rendered":"L&rsquo;Imam Khamenei : \u00ab\u00a0Ne pas traiter les personnes \u00e2g\u00e9es est une cons\u00e9quence de la domination de la philosophie mat\u00e9rialiste\u00a0\u00bb"},"content":{"rendered":"<p><!--more--><\/p>\n<p>L&rsquo;Imam Khamenei : \u00ab\u00a0Ne pas traiter les personnes \u00e2g\u00e9es est une cons\u00e9quence de la domination de la philosophie mat\u00e9rialiste\u00a0\u00bb<\/p>\n<div style=\"width: 400px;\" class=\"wp-video\"><!--[if lt IE 9]><script>document.createElement('video');<\/script><![endif]-->\n<video class=\"wp-video-shortcode\" id=\"video-24456-1\" width=\"400\" height=\"224\" preload=\"metadata\" controls=\"controls\"><source type=\"video\/mp4\" src=\"https:\/\/www.lejournalduforkane.com\/wp-content\/uploads\/2020\/04\/Ne-pas-traiter-les-personnes-\u00e2g\u00e9es-est-une-cons\u00e9quence-de-la-domination-de-la-philosophie-mat\u00e9rialiste.mp4?_=1\" \/><a href=\"https:\/\/www.lejournalduforkane.com\/wp-content\/uploads\/2020\/04\/Ne-pas-traiter-les-personnes-\u00e2g\u00e9es-est-une-cons\u00e9quence-de-la-domination-de-la-philosophie-mat\u00e9rialiste.mp4\">https:\/\/www.lejournalduforkane.com\/wp-content\/uploads\/2020\/04\/Ne-pas-traiter-les-personnes-\u00e2g\u00e9es-est-une-cons\u00e9quence-de-la-domination-de-la-philosophie-mat\u00e9rialiste.mp4<\/a><\/video><\/div>\n<p><img loading=\"lazy\" src=\"https:\/\/www.lejournalduforkane.com\/wp-content\/uploads\/2020\/04\/Ne-pas-traiter-les-personnes-\u00e2g\u00e9es-est-une-cons\u00e9quence-de-la-domination-de-la-philosophie-mat\u00e9rialiste.jpg\" alt=\"Ne pas traiter les personnes \u00e2g\u00e9es est une cons\u00e9quence de la domination de la philosophie mat\u00e9rialiste\" width=\"500\" height=\"244\" class=\"alignnone size-full wp-image-24458\" srcset=\"https:\/\/www.lejournalduforkane.com\/wp-content\/uploads\/2020\/04\/Ne-pas-traiter-les-personnes-\u00e2g\u00e9es-est-une-cons\u00e9quence-de-la-domination-de-la-philosophie-mat\u00e9rialiste.jpg 500w, https:\/\/www.lejournalduforkane.com\/wp-content\/uploads\/2020\/04\/Ne-pas-traiter-les-personnes-\u00e2g\u00e9es-est-une-cons\u00e9quence-de-la-domination-de-la-philosophie-mat\u00e9rialiste-300x146.jpg 300w\" sizes=\"(max-width: 500px) 100vw, 500px\" \/><\/p>\n","protected":false},"excerpt":{"rendered":"L'Imam Khamenei : \"Ne pas traiter les personnes \u00e2g\u00e9es est une cons\u00e9quence de la domination de la philosophie mat\u00e9rialiste\" [video width=\"400\" height=\"224\" mp4=\"https:\/\/www.lejournalduforkane.com\/wp-content\/uploads\/2020\/04\/Ne-pas-traiter-les-personnes-\u00e2g\u00e9es-est-une-cons\u00e9quence-de-la-domination-de-la-philosophie-mat\u00e9rialiste.mp4\"][\/video]","protected":false},"author":2,"featured_media":0,"comment_status":"closed","ping_status":"open","sticky":false,"template":"","format":"standard","meta":[],"categories":[],"tags":[],"_links":{"self":[{"href":"https:\/\/www.lejournalduforkane.com\/index.php\/wp-json\/wp\/v2\/posts\/24456"}],"collection":[{"href":"https:\/\/www.lejournalduforkane.com\/index.php\/wp-json\/wp\/v2\/posts"}],"about":[{"href":"https:\/\/www.lejournalduforkane.com\/index.php\/wp-json\/wp\/v2\/types\/post"}],"author":[{"embeddable":true,"href":"https:\/\/www.lejournalduforkane.com\/index.php\/wp-json\/wp\/v2\/users\/2"}],"replies":[{"embeddable":true,"href":"https:\/\/www.lejournalduforkane.com\/index.php\/wp-json\/wp\/v2\/comments?post=24456"}],"version-history":[{"count":1,"href":"https:\/\/www.lejournalduforkane.com\/index.php\/wp-json\/wp\/v2\/posts\/24456\/revisions"}],"predecessor-version":[{"id":24459,"href":"https:\/\/www.lejournalduforkane.com\/index.php\/wp-json\/wp\/v2\/posts\/24456\/revisions\/24459"}],"wp:attachment":[{"href":"https:\/\/www.lejournalduforkane.com\/index.php\/wp-json\/wp\/v2\/media?parent=24456"}],"wp:term":[{"taxonomy":"category","embeddable":true,"href":"https:\/\/www.lejournalduforkane.com\/index.php\/wp-json\/wp\/v2\/categories?post=24456"},{"taxonomy":"post_tag","embeddable":true,"href":"https:\/\/www.lejournalduforkane.com\/index.php\/wp-json\/wp\/v2\/tags?post=24456"}],"curies":[{"name":"wp","href":"https:\/\/api.w.org\/{rel}","templated":true}]}}