
{"id":24464,"date":"2020-04-21T16:10:57","date_gmt":"2020-04-21T16:10:57","guid":{"rendered":"https:\/\/www.lejournalduforkane.com\/?p=24464"},"modified":"2020-04-22T16:14:49","modified_gmt":"2020-04-22T16:14:49","slug":"lheure-est-proche-la-fin-de-lamerique-et-de-loccident","status":"publish","type":"post","link":"https:\/\/www.lejournalduforkane.com\/index.php\/lheure-est-proche-la-fin-de-lamerique-et-de-loccident\/","title":{"rendered":"L&rsquo;Heure est proche : la fin de l&rsquo;Am\u00e9rique et de l&rsquo;occident ?"},"content":{"rendered":"<p><!--more--><br \/>\nL&rsquo;Heure est proche : la fin de l&rsquo;Am\u00e9rique et de l&rsquo;occident ?<\/p>\n<p><iframe loading=\"lazy\" width=\"560\" height=\"315\" src=\"https:\/\/www.youtube.com\/embed\/QS0HloMRWt4\" frameborder=\"0\" allow=\"accelerometer; autoplay; encrypted-media; gyroscope; picture-in-picture\" allowfullscreen><\/iframe><\/p>\n<p>Le p\u00e9trole est le nerf de la guerre. Sans p\u00e9trole plus d&rsquo;\u00e9conomie en Am\u00e9rique et en Occident.<br \/>\nAujourd&rsquo;hui le p\u00e9trole ne vaut plus rien et il est fort \u00e0 parier que les cons\u00e9quences seront catastrophiques.<br \/>\nL&rsquo;heure est proche&#8230;<\/p>\n","protected":false},"excerpt":{"rendered":"L'Heure est proche : la fin de l'Am\u00e9rique et de l'occident ? Le p\u00e9trole est le nerf de la guerre. Sans p\u00e9trole plus d'\u00e9conomie en Am\u00e9rique et en Occident. Aujourd'hui","protected":false},"author":2,"featured_media":0,"comment_status":"closed","ping_status":"open","sticky":false,"template":"","format":"standard","meta":[],"categories":[],"tags":[],"_links":{"self":[{"href":"https:\/\/www.lejournalduforkane.com\/index.php\/wp-json\/wp\/v2\/posts\/24464"}],"collection":[{"href":"https:\/\/www.lejournalduforkane.com\/index.php\/wp-json\/wp\/v2\/posts"}],"about":[{"href":"https:\/\/www.lejournalduforkane.com\/index.php\/wp-json\/wp\/v2\/types\/post"}],"author":[{"embeddable":true,"href":"https:\/\/www.lejournalduforkane.com\/index.php\/wp-json\/wp\/v2\/users\/2"}],"replies":[{"embeddable":true,"href":"https:\/\/www.lejournalduforkane.com\/index.php\/wp-json\/wp\/v2\/comments?post=24464"}],"version-history":[{"count":1,"href":"https:\/\/www.lejournalduforkane.com\/index.php\/wp-json\/wp\/v2\/posts\/24464\/revisions"}],"predecessor-version":[{"id":24466,"href":"https:\/\/www.lejournalduforkane.com\/index.php\/wp-json\/wp\/v2\/posts\/24464\/revisions\/24466"}],"wp:attachment":[{"href":"https:\/\/www.lejournalduforkane.com\/index.php\/wp-json\/wp\/v2\/media?parent=24464"}],"wp:term":[{"taxonomy":"category","embeddable":true,"href":"https:\/\/www.lejournalduforkane.com\/index.php\/wp-json\/wp\/v2\/categories?post=24464"},{"taxonomy":"post_tag","embeddable":true,"href":"https:\/\/www.lejournalduforkane.com\/index.php\/wp-json\/wp\/v2\/tags?post=24464"}],"curies":[{"name":"wp","href":"https:\/\/api.w.org\/{rel}","templated":true}]}}