
{"id":24525,"date":"2020-04-27T16:48:27","date_gmt":"2020-04-27T16:48:27","guid":{"rendered":"https:\/\/www.lejournalduforkane.com\/?p=24525"},"modified":"2020-04-27T16:48:27","modified_gmt":"2020-04-27T16:48:27","slug":"le-professeur-luc-montagnier-prix-nobel-de-medecin-affirme-que-le-covid-19-a-ete-fabrique-en-laboratoire-en-y-injectant-le-vih","status":"publish","type":"post","link":"https:\/\/www.lejournalduforkane.com\/index.php\/le-professeur-luc-montagnier-prix-nobel-de-medecin-affirme-que-le-covid-19-a-ete-fabrique-en-laboratoire-en-y-injectant-le-vih\/","title":{"rendered":"Le professeur Luc Montagnier (prix Nobel de m\u00e9decin) affirme que le COVID-19 a \u00e9t\u00e9 fabriqu\u00e9 en laboratoire  en y injectant le VIH."},"content":{"rendered":"<p><!--more--><\/p>\n<p>Le professeur Luc Montagnier (prix Nobel de m\u00e9decin) affirme que le COVID-19 a \u00e9t\u00e9 fabriqu\u00e9 en laboratoire <span class=\"q9uorilb tbxw36s4 knj5qynh kvgmc6g5 ditlmg2l oygrvhab nvdbi5me fgm26odu gl3lb2sf hhz5lgdu\"><img loading=\"lazy\" src=\"https:\/\/static.xx.fbcdn.net\/images\/emoji.php\/v9\/t7e\/1\/16\/1f52c.png\" alt=\"\" width=\"16\" height=\"16\" \/><\/span> en y injectant le VIH.<\/p>\n<p>&nbsp;<br \/>\n<iframe loading=\"lazy\" width=\"560\" height=\"315\" src=\"https:\/\/www.youtube.com\/embed\/JhbZx0oF-v4\" frameborder=\"0\" allow=\"accelerometer; autoplay; encrypted-media; gyroscope; picture-in-picture\" allowfullscreen><\/iframe><\/p>\n<p><img loading=\"lazy\" src=\"https:\/\/www.lejournalduforkane.com\/wp-content\/uploads\/2020\/04\/Le-professeur-Luc-Montagnier-prix-Nobel-de-m\u00e9decin-affirme-que-le-COVID-19-a-\u00e9t\u00e9-fabriqu\u00e9-en-laboratoire-en-y-injectant-le-VIH..jpg\" alt=\"Le professeur Luc Montagnier (prix Nobel de m\u00e9decin) affirme que le COVID-19 a \u00e9t\u00e9 fabriqu\u00e9 en laboratoire  en y injectant le VIH.\" width=\"500\" height=\"260\" class=\"alignnone size-full wp-image-24526\" srcset=\"https:\/\/www.lejournalduforkane.com\/wp-content\/uploads\/2020\/04\/Le-professeur-Luc-Montagnier-prix-Nobel-de-m\u00e9decin-affirme-que-le-COVID-19-a-\u00e9t\u00e9-fabriqu\u00e9-en-laboratoire-en-y-injectant-le-VIH..jpg 500w, https:\/\/www.lejournalduforkane.com\/wp-content\/uploads\/2020\/04\/Le-professeur-Luc-Montagnier-prix-Nobel-de-m\u00e9decin-affirme-que-le-COVID-19-a-\u00e9t\u00e9-fabriqu\u00e9-en-laboratoire-en-y-injectant-le-VIH.-300x156.jpg 300w\" sizes=\"(max-width: 500px) 100vw, 500px\" \/><\/p>\n","protected":false},"excerpt":{"rendered":"Le professeur Luc Montagnier (prix Nobel de m\u00e9decin) affirme que le COVID-19 a \u00e9t\u00e9 fabriqu\u00e9 en laboratoire en y injectant le VIH. &nbsp;","protected":false},"author":2,"featured_media":0,"comment_status":"closed","ping_status":"open","sticky":false,"template":"","format":"standard","meta":[],"categories":[],"tags":[],"_links":{"self":[{"href":"https:\/\/www.lejournalduforkane.com\/index.php\/wp-json\/wp\/v2\/posts\/24525"}],"collection":[{"href":"https:\/\/www.lejournalduforkane.com\/index.php\/wp-json\/wp\/v2\/posts"}],"about":[{"href":"https:\/\/www.lejournalduforkane.com\/index.php\/wp-json\/wp\/v2\/types\/post"}],"author":[{"embeddable":true,"href":"https:\/\/www.lejournalduforkane.com\/index.php\/wp-json\/wp\/v2\/users\/2"}],"replies":[{"embeddable":true,"href":"https:\/\/www.lejournalduforkane.com\/index.php\/wp-json\/wp\/v2\/comments?post=24525"}],"version-history":[{"count":1,"href":"https:\/\/www.lejournalduforkane.com\/index.php\/wp-json\/wp\/v2\/posts\/24525\/revisions"}],"predecessor-version":[{"id":24527,"href":"https:\/\/www.lejournalduforkane.com\/index.php\/wp-json\/wp\/v2\/posts\/24525\/revisions\/24527"}],"wp:attachment":[{"href":"https:\/\/www.lejournalduforkane.com\/index.php\/wp-json\/wp\/v2\/media?parent=24525"}],"wp:term":[{"taxonomy":"category","embeddable":true,"href":"https:\/\/www.lejournalduforkane.com\/index.php\/wp-json\/wp\/v2\/categories?post=24525"},{"taxonomy":"post_tag","embeddable":true,"href":"https:\/\/www.lejournalduforkane.com\/index.php\/wp-json\/wp\/v2\/tags?post=24525"}],"curies":[{"name":"wp","href":"https:\/\/api.w.org\/{rel}","templated":true}]}}