
{"id":24546,"date":"2020-04-29T16:51:13","date_gmt":"2020-04-29T16:51:13","guid":{"rendered":"https:\/\/www.lejournalduforkane.com\/?p=24546"},"modified":"2020-04-29T16:51:13","modified_gmt":"2020-04-29T16:51:13","slug":"si-les-etats-unis-pouvaient-detruire-la-republique-islamique-ils-le-feraient","status":"publish","type":"post","link":"https:\/\/www.lejournalduforkane.com\/index.php\/si-les-etats-unis-pouvaient-detruire-la-republique-islamique-ils-le-feraient\/","title":{"rendered":"Si les \u00c9tats-Unis pouvaient d\u00e9truire la R\u00e9publique islamique, ils le feraient"},"content":{"rendered":"<p><!--more--><\/p>\n<div style=\"width: 400px;\" class=\"wp-video\"><!--[if lt IE 9]><script>document.createElement('video');<\/script><![endif]-->\n<video class=\"wp-video-shortcode\" id=\"video-24546-1\" width=\"400\" height=\"224\" preload=\"metadata\" controls=\"controls\"><source type=\"video\/mp4\" src=\"https:\/\/www.lejournalduforkane.com\/wp-content\/uploads\/2020\/04\/94664072_684579522394442_1501727459551215616_n.mp4?_=1\" \/><a href=\"https:\/\/www.lejournalduforkane.com\/wp-content\/uploads\/2020\/04\/94664072_684579522394442_1501727459551215616_n.mp4\">https:\/\/www.lejournalduforkane.com\/wp-content\/uploads\/2020\/04\/94664072_684579522394442_1501727459551215616_n.mp4<\/a><\/video><\/div>\n<p><img loading=\"lazy\" src=\"https:\/\/www.lejournalduforkane.com\/wp-content\/uploads\/2020\/04\/Si-les-\u00c9tats-Unis-pouvaient-d\u00e9truire-la-R\u00e9publique-islamique-ils-le-feraient.jpg\" alt=\"Si les \u00c9tats-Unis pouvaient d\u00e9truire la R\u00e9publique islamique, ils le feraient\" width=\"498\" height=\"282\" class=\"alignnone size-full wp-image-24548\" srcset=\"https:\/\/www.lejournalduforkane.com\/wp-content\/uploads\/2020\/04\/Si-les-\u00c9tats-Unis-pouvaient-d\u00e9truire-la-R\u00e9publique-islamique-ils-le-feraient.jpg 498w, https:\/\/www.lejournalduforkane.com\/wp-content\/uploads\/2020\/04\/Si-les-\u00c9tats-Unis-pouvaient-d\u00e9truire-la-R\u00e9publique-islamique-ils-le-feraient-300x170.jpg 300w\" sizes=\"(max-width: 498px) 100vw, 498px\" \/><\/p>\n","protected":false},"excerpt":{"rendered":"&nbsp;[video width=\"400\" height=\"224\" mp4=\"https:\/\/www.lejournalduforkane.com\/wp-content\/uploads\/2020\/04\/94664072_684579522394442_1501727459551215616_n.mp4\"][\/video]","protected":false},"author":2,"featured_media":0,"comment_status":"closed","ping_status":"open","sticky":false,"template":"","format":"standard","meta":[],"categories":[],"tags":[],"_links":{"self":[{"href":"https:\/\/www.lejournalduforkane.com\/index.php\/wp-json\/wp\/v2\/posts\/24546"}],"collection":[{"href":"https:\/\/www.lejournalduforkane.com\/index.php\/wp-json\/wp\/v2\/posts"}],"about":[{"href":"https:\/\/www.lejournalduforkane.com\/index.php\/wp-json\/wp\/v2\/types\/post"}],"author":[{"embeddable":true,"href":"https:\/\/www.lejournalduforkane.com\/index.php\/wp-json\/wp\/v2\/users\/2"}],"replies":[{"embeddable":true,"href":"https:\/\/www.lejournalduforkane.com\/index.php\/wp-json\/wp\/v2\/comments?post=24546"}],"version-history":[{"count":1,"href":"https:\/\/www.lejournalduforkane.com\/index.php\/wp-json\/wp\/v2\/posts\/24546\/revisions"}],"predecessor-version":[{"id":24549,"href":"https:\/\/www.lejournalduforkane.com\/index.php\/wp-json\/wp\/v2\/posts\/24546\/revisions\/24549"}],"wp:attachment":[{"href":"https:\/\/www.lejournalduforkane.com\/index.php\/wp-json\/wp\/v2\/media?parent=24546"}],"wp:term":[{"taxonomy":"category","embeddable":true,"href":"https:\/\/www.lejournalduforkane.com\/index.php\/wp-json\/wp\/v2\/categories?post=24546"},{"taxonomy":"post_tag","embeddable":true,"href":"https:\/\/www.lejournalduforkane.com\/index.php\/wp-json\/wp\/v2\/tags?post=24546"}],"curies":[{"name":"wp","href":"https:\/\/api.w.org\/{rel}","templated":true}]}}