
{"id":24557,"date":"2020-05-01T18:01:12","date_gmt":"2020-05-01T18:01:12","guid":{"rendered":"https:\/\/www.lejournalduforkane.com\/?p=24557"},"modified":"2020-05-01T18:01:12","modified_gmt":"2020-05-01T18:01:12","slug":"poutine-la-sante-publique-primera-sur-leconomie-refuser-les-soins-aux-plus-ages-est-un-retour-a-la-barbarie-rencontre-avec-les-chefs-regionaux-sur-la-lutte-contre-la-propagation-du-coronavirus-l","status":"publish","type":"post","link":"https:\/\/www.lejournalduforkane.com\/index.php\/poutine-la-sante-publique-primera-sur-leconomie-refuser-les-soins-aux-plus-ages-est-un-retour-a-la-barbarie-rencontre-avec-les-chefs-regionaux-sur-la-lutte-contre-la-propagation-du-coronavirus-l\/","title":{"rendered":"Poutine : la sant\u00e9 publique primera sur l&rsquo;\u00e9conomie, refuser les soins aux plus \u00e2g\u00e9s est un retour \u00e0 la barbarie Rencontre avec les chefs r\u00e9gionaux sur la lutte contre la propagation du coronavirus, le 28 avril 2020"},"content":{"rendered":"<p><!--more--><\/p>\n<div class=\"kvgmc6g5 cxmmr5t8 oygrvhab hcukyx3x c1et5uql ii04i59q\">\n<div dir=\"auto\">Poutine : la sant\u00e9 publique primera sur l&rsquo;\u00e9conomie, refuser les soins aux plus \u00e2g\u00e9s est un retour \u00e0 la barbarie<\/div>\n<\/div>\n<div class=\"o9v6fnle cxmmr5t8 oygrvhab hcukyx3x c1et5uql ii04i59q\">\n<div dir=\"auto\">Rencontre avec les chefs r\u00e9gionaux sur la lutte contre la propagation du coronavirus, le 28 avril 2020.<\/div>\n<\/div>\n<p><iframe loading=\"lazy\" src=\"https:\/\/www.dailymotion.com\/embed\/video\/x7tn3vr\" width=\"640\" height=\"360\" frameborder=\"0\" allowfullscreen=\"allowfullscreen\"><\/iframe><\/p>\n<div dir=\"auto\"><\/div>\n<div dir=\"auto\"><\/div>\n<p><img loading=\"lazy\" class=\"alignnone size-full wp-image-24558\" src=\"https:\/\/www.lejournalduforkane.com\/wp-content\/uploads\/2020\/05\/la-sant\u00e9-publique-primera-sur-l\u00e9conomie-refuser-les-soins-aux-plus-\u00e2g\u00e9s-est-un-retour-\u00e0-la-barbarie.jpg\" alt=\"la sant\u00e9 publique primera sur l'\u00e9conomie, refuser les soins aux plus \u00e2g\u00e9s est un retour \u00e0 la barbarie\" width=\"500\" height=\"260\" srcset=\"https:\/\/www.lejournalduforkane.com\/wp-content\/uploads\/2020\/05\/la-sant\u00e9-publique-primera-sur-l\u00e9conomie-refuser-les-soins-aux-plus-\u00e2g\u00e9s-est-un-retour-\u00e0-la-barbarie.jpg 500w, https:\/\/www.lejournalduforkane.com\/wp-content\/uploads\/2020\/05\/la-sant\u00e9-publique-primera-sur-l\u00e9conomie-refuser-les-soins-aux-plus-\u00e2g\u00e9s-est-un-retour-\u00e0-la-barbarie-300x156.jpg 300w\" sizes=\"(max-width: 500px) 100vw, 500px\" \/><\/p>\n","protected":false},"excerpt":{"rendered":"Poutine : la sant\u00e9 publique primera sur l'\u00e9conomie, refuser les soins aux plus \u00e2g\u00e9s est un retour \u00e0 la barbarie Rencontre avec les chefs r\u00e9gionaux sur la lutte contre la","protected":false},"author":2,"featured_media":0,"comment_status":"closed","ping_status":"open","sticky":false,"template":"","format":"standard","meta":[],"categories":[],"tags":[],"_links":{"self":[{"href":"https:\/\/www.lejournalduforkane.com\/index.php\/wp-json\/wp\/v2\/posts\/24557"}],"collection":[{"href":"https:\/\/www.lejournalduforkane.com\/index.php\/wp-json\/wp\/v2\/posts"}],"about":[{"href":"https:\/\/www.lejournalduforkane.com\/index.php\/wp-json\/wp\/v2\/types\/post"}],"author":[{"embeddable":true,"href":"https:\/\/www.lejournalduforkane.com\/index.php\/wp-json\/wp\/v2\/users\/2"}],"replies":[{"embeddable":true,"href":"https:\/\/www.lejournalduforkane.com\/index.php\/wp-json\/wp\/v2\/comments?post=24557"}],"version-history":[{"count":1,"href":"https:\/\/www.lejournalduforkane.com\/index.php\/wp-json\/wp\/v2\/posts\/24557\/revisions"}],"predecessor-version":[{"id":24559,"href":"https:\/\/www.lejournalduforkane.com\/index.php\/wp-json\/wp\/v2\/posts\/24557\/revisions\/24559"}],"wp:attachment":[{"href":"https:\/\/www.lejournalduforkane.com\/index.php\/wp-json\/wp\/v2\/media?parent=24557"}],"wp:term":[{"taxonomy":"category","embeddable":true,"href":"https:\/\/www.lejournalduforkane.com\/index.php\/wp-json\/wp\/v2\/categories?post=24557"},{"taxonomy":"post_tag","embeddable":true,"href":"https:\/\/www.lejournalduforkane.com\/index.php\/wp-json\/wp\/v2\/tags?post=24557"}],"curies":[{"name":"wp","href":"https:\/\/api.w.org\/{rel}","templated":true}]}}