
{"id":24596,"date":"2020-05-07T16:08:01","date_gmt":"2020-05-07T16:08:01","guid":{"rendered":"https:\/\/www.lejournalduforkane.com\/?p=24596"},"modified":"2020-05-07T16:08:01","modified_gmt":"2020-05-07T16:08:01","slug":"video-des-helicopteres-americains-transferent-des-terroristes-salafistes-de-daesh-de-lest-de-syrie-vers-lirak","status":"publish","type":"post","link":"https:\/\/www.lejournalduforkane.com\/index.php\/video-des-helicopteres-americains-transferent-des-terroristes-salafistes-de-daesh-de-lest-de-syrie-vers-lirak\/","title":{"rendered":"Vid\u00e9o : Des h\u00e9licopt\u00e8res am\u00e9ricains transf\u00e8rent des terroristes salafistes de Daesh de l&rsquo;est de Syrie, vers l&rsquo;Irak&#8230;"},"content":{"rendered":"<p><!--more--><\/p>\n<div class=\"kvgmc6g5 cxmmr5t8 oygrvhab hcukyx3x c1et5uql ii04i59q\">\n<div dir=\"auto\" style=\"text-align: justify;\">Des h\u00e9licopt\u00e8res am\u00e9ricains transf\u00e8rent des terroristes salafistes de Daesh de l&rsquo;est de Syrie, vers l&rsquo;Irak&#8230; o\u00f9 Daesh augmente ses attaques contre l&rsquo;arm\u00e9e irakienne, la police f\u00e9d\u00e9rale et le Hashd Chaabi, la sainte mobilisation populaire.<\/div>\n<div dir=\"auto\" style=\"text-align: justify;\"><\/div>\n<\/div>\n<div style=\"width: 396px;\" class=\"wp-video\"><!--[if lt IE 9]><script>document.createElement('video');<\/script><![endif]-->\n<video class=\"wp-video-shortcode\" id=\"video-24596-1\" width=\"396\" height=\"224\" preload=\"metadata\" controls=\"controls\"><source type=\"video\/mp4\" src=\"https:\/\/www.lejournalduforkane.com\/wp-content\/uploads\/2020\/05\/95847455_190279855330096_2591238165784166400_n.mp4?_=1\" \/><a href=\"https:\/\/www.lejournalduforkane.com\/wp-content\/uploads\/2020\/05\/95847455_190279855330096_2591238165784166400_n.mp4\">https:\/\/www.lejournalduforkane.com\/wp-content\/uploads\/2020\/05\/95847455_190279855330096_2591238165784166400_n.mp4<\/a><\/video><\/div>\n<p><img loading=\"lazy\" class=\"alignnone size-full wp-image-24598\" src=\"https:\/\/www.lejournalduforkane.com\/wp-content\/uploads\/2020\/05\/Des-h\u00e9licopt\u00e8res-am\u00e9ricains-transf\u00e8rent-des-terroristes-salafistes-de-Daesh-de-lest-de-Syrie-vers-lIrak....jpg\" alt=\"Des h\u00e9licopt\u00e8res am\u00e9ricains transf\u00e8rent des terroristes salafistes de Daesh de l'est de Syrie, vers l'Irak...\" width=\"495\" height=\"281\" srcset=\"https:\/\/www.lejournalduforkane.com\/wp-content\/uploads\/2020\/05\/Des-h\u00e9licopt\u00e8res-am\u00e9ricains-transf\u00e8rent-des-terroristes-salafistes-de-Daesh-de-lest-de-Syrie-vers-lIrak....jpg 495w, https:\/\/www.lejournalduforkane.com\/wp-content\/uploads\/2020\/05\/Des-h\u00e9licopt\u00e8res-am\u00e9ricains-transf\u00e8rent-des-terroristes-salafistes-de-Daesh-de-lest-de-Syrie-vers-lIrak...-300x170.jpg 300w\" sizes=\"(max-width: 495px) 100vw, 495px\" \/><\/p>\n","protected":false},"excerpt":{"rendered":"Des h\u00e9licopt\u00e8res am\u00e9ricains transf\u00e8rent des terroristes salafistes de Daesh de l'est de Syrie, vers l'Irak... o\u00f9 Daesh augmente ses attaques contre l'arm\u00e9e irakienne, la police f\u00e9d\u00e9rale et le Hashd Chaabi,","protected":false},"author":2,"featured_media":0,"comment_status":"closed","ping_status":"open","sticky":false,"template":"","format":"standard","meta":[],"categories":[],"tags":[],"_links":{"self":[{"href":"https:\/\/www.lejournalduforkane.com\/index.php\/wp-json\/wp\/v2\/posts\/24596"}],"collection":[{"href":"https:\/\/www.lejournalduforkane.com\/index.php\/wp-json\/wp\/v2\/posts"}],"about":[{"href":"https:\/\/www.lejournalduforkane.com\/index.php\/wp-json\/wp\/v2\/types\/post"}],"author":[{"embeddable":true,"href":"https:\/\/www.lejournalduforkane.com\/index.php\/wp-json\/wp\/v2\/users\/2"}],"replies":[{"embeddable":true,"href":"https:\/\/www.lejournalduforkane.com\/index.php\/wp-json\/wp\/v2\/comments?post=24596"}],"version-history":[{"count":1,"href":"https:\/\/www.lejournalduforkane.com\/index.php\/wp-json\/wp\/v2\/posts\/24596\/revisions"}],"predecessor-version":[{"id":24599,"href":"https:\/\/www.lejournalduforkane.com\/index.php\/wp-json\/wp\/v2\/posts\/24596\/revisions\/24599"}],"wp:attachment":[{"href":"https:\/\/www.lejournalduforkane.com\/index.php\/wp-json\/wp\/v2\/media?parent=24596"}],"wp:term":[{"taxonomy":"category","embeddable":true,"href":"https:\/\/www.lejournalduforkane.com\/index.php\/wp-json\/wp\/v2\/categories?post=24596"},{"taxonomy":"post_tag","embeddable":true,"href":"https:\/\/www.lejournalduforkane.com\/index.php\/wp-json\/wp\/v2\/tags?post=24596"}],"curies":[{"name":"wp","href":"https:\/\/api.w.org\/{rel}","templated":true}]}}