
{"id":24643,"date":"2020-05-15T14:35:27","date_gmt":"2020-05-15T14:35:27","guid":{"rendered":"https:\/\/www.lejournalduforkane.com\/?p=24643"},"modified":"2020-05-17T15:20:10","modified_gmt":"2020-05-17T15:20:10","slug":"mepris-abandon-et-racisme-de-la-france-envers-ses-ressortissants-dorigine-maghrebine-coinces-au-maroc-en-algerie-et-en-tunisie","status":"publish","type":"post","link":"https:\/\/www.lejournalduforkane.com\/index.php\/mepris-abandon-et-racisme-de-la-france-envers-ses-ressortissants-dorigine-maghrebine-coinces-au-maroc-en-algerie-et-en-tunisie\/","title":{"rendered":"M\u00e9pris, abandon et racisme de la France envers ses ressortissants d&rsquo;origine maghr\u00e9bine coinc\u00e9s au Maroc, en Alg\u00e9rie et en Tunisie."},"content":{"rendered":"<p><!--more--><\/p>\n<div class=\"kvgmc6g5 cxmmr5t8 oygrvhab hcukyx3x c1et5uql ii04i59q\">\n<div dir=\"auto\" style=\"text-align: justify;\">Plus de 10000 fran\u00e7ais d&rsquo;origine maghr\u00e9bine (les chiffres sont sous-estim\u00e9s) abandonn\u00e9s par l&rsquo;Etat fran\u00e7ais sont coinc\u00e9s depuis deux mois et sont emp\u00each\u00e9s de revenir.<\/div>\n<div dir=\"auto\" style=\"text-align: justify;\"><\/div>\n<\/div>\n<div class=\"o9v6fnle cxmmr5t8 oygrvhab hcukyx3x c1et5uql ii04i59q\" style=\"text-align: justify;\">\n<div dir=\"auto\">Alors que des rapatriements gratuits de fran\u00e7ais ont \u00e9t\u00e9 organis\u00e9s partout dans le monde l&rsquo;Etat refuse de le faire pour les fran\u00e7ais du Maghreb. Pire ! Les seuls qui ont \u00e9t\u00e9 autoris\u00e9s \u00e0 rentrer sont les vacanciers fran\u00e7ais de souche juste apr\u00e8s la fermeture des fronti\u00e8res&#8230;les autres parce qu&rsquo;ils sont d&rsquo;origine maghr\u00e9bines ont \u00e9t\u00e9 abandonn\u00e9s.<\/div>\n<div dir=\"auto\"><\/div>\n<\/div>\n<div class=\"o9v6fnle cxmmr5t8 oygrvhab hcukyx3x c1et5uql ii04i59q\">\n<div dir=\"auto\" style=\"text-align: justify;\">C&rsquo;est un scandale&#8230;.<\/div>\n<div dir=\"auto\"><\/div>\n<\/div>\n<div style=\"width: 224px;\" class=\"wp-video\"><!--[if lt IE 9]><script>document.createElement('video');<\/script><![endif]-->\n<video class=\"wp-video-shortcode\" id=\"video-24643-1\" width=\"224\" height=\"400\" preload=\"metadata\" controls=\"controls\"><source type=\"video\/mp4\" src=\"https:\/\/www.lejournalduforkane.com\/wp-content\/uploads\/2020\/05\/98158594_2409719002651586_3830137386579263488_n.mp4?_=1\" \/><a href=\"https:\/\/www.lejournalduforkane.com\/wp-content\/uploads\/2020\/05\/98158594_2409719002651586_3830137386579263488_n.mp4\">https:\/\/www.lejournalduforkane.com\/wp-content\/uploads\/2020\/05\/98158594_2409719002651586_3830137386579263488_n.mp4<\/a><\/video><\/div>\n<p><img loading=\"lazy\" class=\"alignnone size-full wp-image-24641\" src=\"https:\/\/www.lejournalduforkane.com\/wp-content\/uploads\/2020\/05\/M\u00e9pris-abandon-et-racisme-de-la-France-envers-ses-ressortissants-dorigine-maghr\u00e9bine-coinc\u00e9s-au-Maroc-en-Alg\u00e9rie-et-en-Tunisie.jpg\" alt=\"M\u00e9pris, abandon et racisme de la France envers ses ressortissants d'origine maghr\u00e9bine coinc\u00e9s au Maroc, en Alg\u00e9rie et en Tunisie\" width=\"502\" height=\"386\" srcset=\"https:\/\/www.lejournalduforkane.com\/wp-content\/uploads\/2020\/05\/M\u00e9pris-abandon-et-racisme-de-la-France-envers-ses-ressortissants-dorigine-maghr\u00e9bine-coinc\u00e9s-au-Maroc-en-Alg\u00e9rie-et-en-Tunisie.jpg 502w, https:\/\/www.lejournalduforkane.com\/wp-content\/uploads\/2020\/05\/M\u00e9pris-abandon-et-racisme-de-la-France-envers-ses-ressortissants-dorigine-maghr\u00e9bine-coinc\u00e9s-au-Maroc-en-Alg\u00e9rie-et-en-Tunisie-300x231.jpg 300w\" sizes=\"(max-width: 502px) 100vw, 502px\" \/><\/p>\n","protected":false},"excerpt":{"rendered":"Plus de 10000 fran\u00e7ais d'origine maghr\u00e9bine (les chiffres sont sous-estim\u00e9s) abandonn\u00e9s par l'Etat fran\u00e7ais sont coinc\u00e9s depuis deux mois et sont emp\u00each\u00e9s de revenir. Alors que des rapatriements gratuits de","protected":false},"author":2,"featured_media":0,"comment_status":"closed","ping_status":"open","sticky":false,"template":"","format":"standard","meta":[],"categories":[],"tags":[],"_links":{"self":[{"href":"https:\/\/www.lejournalduforkane.com\/index.php\/wp-json\/wp\/v2\/posts\/24643"}],"collection":[{"href":"https:\/\/www.lejournalduforkane.com\/index.php\/wp-json\/wp\/v2\/posts"}],"about":[{"href":"https:\/\/www.lejournalduforkane.com\/index.php\/wp-json\/wp\/v2\/types\/post"}],"author":[{"embeddable":true,"href":"https:\/\/www.lejournalduforkane.com\/index.php\/wp-json\/wp\/v2\/users\/2"}],"replies":[{"embeddable":true,"href":"https:\/\/www.lejournalduforkane.com\/index.php\/wp-json\/wp\/v2\/comments?post=24643"}],"version-history":[{"count":1,"href":"https:\/\/www.lejournalduforkane.com\/index.php\/wp-json\/wp\/v2\/posts\/24643\/revisions"}],"predecessor-version":[{"id":24644,"href":"https:\/\/www.lejournalduforkane.com\/index.php\/wp-json\/wp\/v2\/posts\/24643\/revisions\/24644"}],"wp:attachment":[{"href":"https:\/\/www.lejournalduforkane.com\/index.php\/wp-json\/wp\/v2\/media?parent=24643"}],"wp:term":[{"taxonomy":"category","embeddable":true,"href":"https:\/\/www.lejournalduforkane.com\/index.php\/wp-json\/wp\/v2\/categories?post=24643"},{"taxonomy":"post_tag","embeddable":true,"href":"https:\/\/www.lejournalduforkane.com\/index.php\/wp-json\/wp\/v2\/tags?post=24643"}],"curies":[{"name":"wp","href":"https:\/\/api.w.org\/{rel}","templated":true}]}}