
{"id":24652,"date":"2020-05-15T19:19:43","date_gmt":"2020-05-15T19:19:43","guid":{"rendered":"https:\/\/www.lejournalduforkane.com\/?p=24652"},"modified":"2020-05-17T15:28:28","modified_gmt":"2020-05-17T15:28:28","slug":"des-photos-historiques-de-la-celebration-de-la-journee-mondiale-dal-qods-en-iran","status":"publish","type":"post","link":"https:\/\/www.lejournalduforkane.com\/index.php\/des-photos-historiques-de-la-celebration-de-la-journee-mondiale-dal-qods-en-iran\/","title":{"rendered":"Des photos historiques de la c\u00e9l\u00e9bration de la Journ\u00e9e Mondiale d&rsquo;Al Qods en Iran"},"content":{"rendered":"<p><!--more--><\/p>\n<p><iframe loading=\"lazy\" src=\"https:\/\/www.youtube.com\/embed\/QC6owX6dOBU\" width=\"560\" height=\"315\" frameborder=\"0\" allowfullscreen=\"allowfullscreen\"><\/iframe><\/p>\n<p><img loading=\"lazy\" class=\"alignnone size-full wp-image-24653\" src=\"https:\/\/www.lejournalduforkane.com\/wp-content\/uploads\/2020\/05\/Des-photos-historiques-de-la-c\u00e9l\u00e9bration-de-la-Journ\u00e9e-Mondiale-dAl-Qods-en-Iran.jpg\" alt=\"Des photos historiques de la c\u00e9l\u00e9bration de la Journ\u00e9e Mondiale d'Al Qods en Iran\" width=\"480\" height=\"250\" srcset=\"https:\/\/www.lejournalduforkane.com\/wp-content\/uploads\/2020\/05\/Des-photos-historiques-de-la-c\u00e9l\u00e9bration-de-la-Journ\u00e9e-Mondiale-dAl-Qods-en-Iran.jpg 480w, https:\/\/www.lejournalduforkane.com\/wp-content\/uploads\/2020\/05\/Des-photos-historiques-de-la-c\u00e9l\u00e9bration-de-la-Journ\u00e9e-Mondiale-dAl-Qods-en-Iran-300x156.jpg 300w\" sizes=\"(max-width: 480px) 100vw, 480px\" \/><\/p>\n","protected":false},"excerpt":{"rendered":"","protected":false},"author":2,"featured_media":0,"comment_status":"closed","ping_status":"open","sticky":false,"template":"","format":"standard","meta":[],"categories":[],"tags":[],"_links":{"self":[{"href":"https:\/\/www.lejournalduforkane.com\/index.php\/wp-json\/wp\/v2\/posts\/24652"}],"collection":[{"href":"https:\/\/www.lejournalduforkane.com\/index.php\/wp-json\/wp\/v2\/posts"}],"about":[{"href":"https:\/\/www.lejournalduforkane.com\/index.php\/wp-json\/wp\/v2\/types\/post"}],"author":[{"embeddable":true,"href":"https:\/\/www.lejournalduforkane.com\/index.php\/wp-json\/wp\/v2\/users\/2"}],"replies":[{"embeddable":true,"href":"https:\/\/www.lejournalduforkane.com\/index.php\/wp-json\/wp\/v2\/comments?post=24652"}],"version-history":[{"count":1,"href":"https:\/\/www.lejournalduforkane.com\/index.php\/wp-json\/wp\/v2\/posts\/24652\/revisions"}],"predecessor-version":[{"id":24654,"href":"https:\/\/www.lejournalduforkane.com\/index.php\/wp-json\/wp\/v2\/posts\/24652\/revisions\/24654"}],"wp:attachment":[{"href":"https:\/\/www.lejournalduforkane.com\/index.php\/wp-json\/wp\/v2\/media?parent=24652"}],"wp:term":[{"taxonomy":"category","embeddable":true,"href":"https:\/\/www.lejournalduforkane.com\/index.php\/wp-json\/wp\/v2\/categories?post=24652"},{"taxonomy":"post_tag","embeddable":true,"href":"https:\/\/www.lejournalduforkane.com\/index.php\/wp-json\/wp\/v2\/tags?post=24652"}],"curies":[{"name":"wp","href":"https:\/\/api.w.org\/{rel}","templated":true}]}}