
{"id":24655,"date":"2020-05-16T11:14:24","date_gmt":"2020-05-16T11:14:24","guid":{"rendered":"https:\/\/www.lejournalduforkane.com\/?p=24655"},"modified":"2020-05-17T15:31:18","modified_gmt":"2020-05-17T15:31:18","slug":"khamenei-larme-nucleaire-est-illicite-en-islam-loccident-craint-un-iran-developpe-et-souverain","status":"publish","type":"post","link":"https:\/\/www.lejournalduforkane.com\/index.php\/khamenei-larme-nucleaire-est-illicite-en-islam-loccident-craint-un-iran-developpe-et-souverain\/","title":{"rendered":"Khamenei : l&rsquo;arme nucl\u00e9aire est illicite en Islam, l&rsquo;Occident craint un Iran d\u00e9velopp\u00e9 et souverain"},"content":{"rendered":"<p><!--more--><\/p>\n<div class=\"kvgmc6g5 cxmmr5t8 oygrvhab hcukyx3x c1et5uql ii04i59q\">\n<div dir=\"auto\">Dans ces extraits de diff\u00e9rents discours de 2008 \u00e0 2013, Sayed Ali Khamenei r\u00e9v\u00e8le les v\u00e9ritables raisons de l\u2019acharnement occidental contre l\u2019Iran sur le dossier nucl\u00e9aire.<\/div>\n<\/div>\n<div class=\"o9v6fnle cxmmr5t8 oygrvhab hcukyx3x c1et5uql ii04i59q\"><\/div>\n<p><iframe loading=\"lazy\" src=\"https:\/\/www.dailymotion.com\/embed\/video\/x7txs71\" width=\"640\" height=\"360\" frameborder=\"0\" allowfullscreen=\"allowfullscreen\"><\/iframe><\/p>\n<p><img loading=\"lazy\" class=\"alignnone size-full wp-image-24656\" src=\"https:\/\/www.lejournalduforkane.com\/wp-content\/uploads\/2020\/05\/larme-nucl\u00e9aire-est-illicite-en-Islam-lOccident-craint-un-Iran-d\u00e9velopp\u00e9-et-souverain.jpg\" alt=\"l'arme nucl\u00e9aire est illicite en Islam, l'Occident craint un Iran d\u00e9velopp\u00e9 et souverain\" width=\"500\" height=\"260\" srcset=\"https:\/\/www.lejournalduforkane.com\/wp-content\/uploads\/2020\/05\/larme-nucl\u00e9aire-est-illicite-en-Islam-lOccident-craint-un-Iran-d\u00e9velopp\u00e9-et-souverain.jpg 500w, https:\/\/www.lejournalduforkane.com\/wp-content\/uploads\/2020\/05\/larme-nucl\u00e9aire-est-illicite-en-Islam-lOccident-craint-un-Iran-d\u00e9velopp\u00e9-et-souverain-300x156.jpg 300w\" sizes=\"(max-width: 500px) 100vw, 500px\" \/><\/p>\n","protected":false},"excerpt":{"rendered":"Dans ces extraits de diff\u00e9rents discours de 2008 \u00e0 2013, Sayed Ali Khamenei r\u00e9v\u00e8le les v\u00e9ritables raisons de l\u2019acharnement occidental contre l\u2019Iran sur le dossier nucl\u00e9aire.","protected":false},"author":2,"featured_media":0,"comment_status":"closed","ping_status":"open","sticky":false,"template":"","format":"standard","meta":[],"categories":[],"tags":[],"_links":{"self":[{"href":"https:\/\/www.lejournalduforkane.com\/index.php\/wp-json\/wp\/v2\/posts\/24655"}],"collection":[{"href":"https:\/\/www.lejournalduforkane.com\/index.php\/wp-json\/wp\/v2\/posts"}],"about":[{"href":"https:\/\/www.lejournalduforkane.com\/index.php\/wp-json\/wp\/v2\/types\/post"}],"author":[{"embeddable":true,"href":"https:\/\/www.lejournalduforkane.com\/index.php\/wp-json\/wp\/v2\/users\/2"}],"replies":[{"embeddable":true,"href":"https:\/\/www.lejournalduforkane.com\/index.php\/wp-json\/wp\/v2\/comments?post=24655"}],"version-history":[{"count":1,"href":"https:\/\/www.lejournalduforkane.com\/index.php\/wp-json\/wp\/v2\/posts\/24655\/revisions"}],"predecessor-version":[{"id":24657,"href":"https:\/\/www.lejournalduforkane.com\/index.php\/wp-json\/wp\/v2\/posts\/24655\/revisions\/24657"}],"wp:attachment":[{"href":"https:\/\/www.lejournalduforkane.com\/index.php\/wp-json\/wp\/v2\/media?parent=24655"}],"wp:term":[{"taxonomy":"category","embeddable":true,"href":"https:\/\/www.lejournalduforkane.com\/index.php\/wp-json\/wp\/v2\/categories?post=24655"},{"taxonomy":"post_tag","embeddable":true,"href":"https:\/\/www.lejournalduforkane.com\/index.php\/wp-json\/wp\/v2\/tags?post=24655"}],"curies":[{"name":"wp","href":"https:\/\/api.w.org\/{rel}","templated":true}]}}