
{"id":24664,"date":"2020-05-20T07:40:07","date_gmt":"2020-05-20T07:40:07","guid":{"rendered":"https:\/\/www.lejournalduforkane.com\/?p=24664"},"modified":"2020-05-23T07:42:51","modified_gmt":"2020-05-23T07:42:51","slug":"nasrallah-la-syrie-triomphe-israel-mene-une-guerre-imaginaire","status":"publish","type":"post","link":"https:\/\/www.lejournalduforkane.com\/index.php\/nasrallah-la-syrie-triomphe-israel-mene-une-guerre-imaginaire\/","title":{"rendered":"Nasrallah : la Syrie triomphe, Isra\u00ebl m\u00e8ne une guerre imaginaire"},"content":{"rendered":"<p><!--more--><\/p>\n<div class=\"kvgmc6g5 cxmmr5t8 oygrvhab hcukyx3x c1et5uql ii04i59q\">\n<div dir=\"auto\" style=\"text-align: justify;\">Discours du Secr\u00e9taire G\u00e9n\u00e9ral du Hezbollah, Sayed Hassan Nasrallah, le 13 mai 2020, \u00e0 l\u2019occasion de la comm\u00e9moration du martyre du Commandant Mostapha Badreddine dit \u2018Zulfiqar\u2019, tu\u00e9 en Syrie en mai 2016.<\/div>\n<\/div>\n<p><iframe loading=\"lazy\" src=\"https:\/\/www.dailymotion.com\/embed\/video\/x7u0p3y\" width=\"640\" height=\"360\" frameborder=\"0\" allowfullscreen=\"allowfullscreen\"><\/iframe><br \/>\n<img loading=\"lazy\" class=\"alignnone size-full wp-image-24665\" src=\"https:\/\/www.lejournalduforkane.com\/wp-content\/uploads\/2020\/05\/la-Syrie-triomphe-Isra\u00ebl-m\u00e8ne-une-guerre-imaginaire.jpg\" alt=\"la Syrie triomphe, Isra\u00ebl m\u00e8ne une guerre imaginaire\" width=\"500\" height=\"260\" srcset=\"https:\/\/www.lejournalduforkane.com\/wp-content\/uploads\/2020\/05\/la-Syrie-triomphe-Isra\u00ebl-m\u00e8ne-une-guerre-imaginaire.jpg 500w, https:\/\/www.lejournalduforkane.com\/wp-content\/uploads\/2020\/05\/la-Syrie-triomphe-Isra\u00ebl-m\u00e8ne-une-guerre-imaginaire-300x156.jpg 300w\" sizes=\"(max-width: 500px) 100vw, 500px\" \/><\/p>\n","protected":false},"excerpt":{"rendered":"Discours du Secr\u00e9taire G\u00e9n\u00e9ral du Hezbollah, Sayed Hassan Nasrallah, le 13 mai 2020, \u00e0 l\u2019occasion de la comm\u00e9moration du martyre du Commandant Mostapha Badreddine dit \u2018Zulfiqar\u2019, tu\u00e9 en Syrie en","protected":false},"author":2,"featured_media":0,"comment_status":"closed","ping_status":"open","sticky":false,"template":"","format":"standard","meta":[],"categories":[],"tags":[],"_links":{"self":[{"href":"https:\/\/www.lejournalduforkane.com\/index.php\/wp-json\/wp\/v2\/posts\/24664"}],"collection":[{"href":"https:\/\/www.lejournalduforkane.com\/index.php\/wp-json\/wp\/v2\/posts"}],"about":[{"href":"https:\/\/www.lejournalduforkane.com\/index.php\/wp-json\/wp\/v2\/types\/post"}],"author":[{"embeddable":true,"href":"https:\/\/www.lejournalduforkane.com\/index.php\/wp-json\/wp\/v2\/users\/2"}],"replies":[{"embeddable":true,"href":"https:\/\/www.lejournalduforkane.com\/index.php\/wp-json\/wp\/v2\/comments?post=24664"}],"version-history":[{"count":1,"href":"https:\/\/www.lejournalduforkane.com\/index.php\/wp-json\/wp\/v2\/posts\/24664\/revisions"}],"predecessor-version":[{"id":24666,"href":"https:\/\/www.lejournalduforkane.com\/index.php\/wp-json\/wp\/v2\/posts\/24664\/revisions\/24666"}],"wp:attachment":[{"href":"https:\/\/www.lejournalduforkane.com\/index.php\/wp-json\/wp\/v2\/media?parent=24664"}],"wp:term":[{"taxonomy":"category","embeddable":true,"href":"https:\/\/www.lejournalduforkane.com\/index.php\/wp-json\/wp\/v2\/categories?post=24664"},{"taxonomy":"post_tag","embeddable":true,"href":"https:\/\/www.lejournalduforkane.com\/index.php\/wp-json\/wp\/v2\/tags?post=24664"}],"curies":[{"name":"wp","href":"https:\/\/api.w.org\/{rel}","templated":true}]}}