
{"id":24702,"date":"2020-05-27T18:14:28","date_gmt":"2020-05-27T18:14:28","guid":{"rendered":"https:\/\/www.lejournalduforkane.com\/?p=24702"},"modified":"2020-05-27T18:14:28","modified_gmt":"2020-05-27T18:14:28","slug":"la-brutalite-de-la-police-americaine-contre-les-noirs-ne-connait-pas-de-frontieres","status":"publish","type":"post","link":"https:\/\/www.lejournalduforkane.com\/index.php\/la-brutalite-de-la-police-americaine-contre-les-noirs-ne-connait-pas-de-frontieres\/","title":{"rendered":"La brutalit\u00e9 de la police am\u00e9ricaine contre les Noirs ne conna\u00eet pas de fronti\u00e8res"},"content":{"rendered":"<p><!--more--><\/p>\n<p>George Floyd est d\u00e9c\u00e9d\u00e9 lundi apr\u00e8s avoir \u00e9t\u00e9 coinc\u00e9 par un officier blanc malgr\u00e9 ses cris: \u00abJe ne peux pas respirer\u00bb. \u00abJe ne peux pas respirer\u00bb.<\/p>\n<p><iframe loading=\"lazy\" src=\"https:\/\/www.youtube.com\/embed\/tvaap02dEAU\" width=\"560\" height=\"315\" frameborder=\"0\" allowfullscreen=\"allowfullscreen\"><\/iframe><\/p>\n<p><img loading=\"lazy\" class=\"alignnone size-full wp-image-24703\" src=\"https:\/\/www.lejournalduforkane.com\/wp-content\/uploads\/2020\/05\/La-brutalit\u00e9-de-la-police-am\u00e9ricaine-contre-les-Noirs-ne-conna\u00eet-pas-de-fronti\u00e8res.jpg\" alt=\"La brutalit\u00e9 de la police am\u00e9ricaine contre les Noirs ne conna\u00eet pas de fronti\u00e8res\" width=\"480\" height=\"250\" srcset=\"https:\/\/www.lejournalduforkane.com\/wp-content\/uploads\/2020\/05\/La-brutalit\u00e9-de-la-police-am\u00e9ricaine-contre-les-Noirs-ne-conna\u00eet-pas-de-fronti\u00e8res.jpg 480w, https:\/\/www.lejournalduforkane.com\/wp-content\/uploads\/2020\/05\/La-brutalit\u00e9-de-la-police-am\u00e9ricaine-contre-les-Noirs-ne-conna\u00eet-pas-de-fronti\u00e8res-300x156.jpg 300w\" sizes=\"(max-width: 480px) 100vw, 480px\" \/><\/p>\n","protected":false},"excerpt":{"rendered":"George Floyd est d\u00e9c\u00e9d\u00e9 lundi apr\u00e8s avoir \u00e9t\u00e9 coinc\u00e9 par un officier blanc malgr\u00e9 ses cris: \u00abJe ne peux pas respirer\u00bb. \u00abJe ne peux pas respirer\u00bb.","protected":false},"author":2,"featured_media":0,"comment_status":"closed","ping_status":"open","sticky":false,"template":"","format":"standard","meta":[],"categories":[],"tags":[],"_links":{"self":[{"href":"https:\/\/www.lejournalduforkane.com\/index.php\/wp-json\/wp\/v2\/posts\/24702"}],"collection":[{"href":"https:\/\/www.lejournalduforkane.com\/index.php\/wp-json\/wp\/v2\/posts"}],"about":[{"href":"https:\/\/www.lejournalduforkane.com\/index.php\/wp-json\/wp\/v2\/types\/post"}],"author":[{"embeddable":true,"href":"https:\/\/www.lejournalduforkane.com\/index.php\/wp-json\/wp\/v2\/users\/2"}],"replies":[{"embeddable":true,"href":"https:\/\/www.lejournalduforkane.com\/index.php\/wp-json\/wp\/v2\/comments?post=24702"}],"version-history":[{"count":1,"href":"https:\/\/www.lejournalduforkane.com\/index.php\/wp-json\/wp\/v2\/posts\/24702\/revisions"}],"predecessor-version":[{"id":24704,"href":"https:\/\/www.lejournalduforkane.com\/index.php\/wp-json\/wp\/v2\/posts\/24702\/revisions\/24704"}],"wp:attachment":[{"href":"https:\/\/www.lejournalduforkane.com\/index.php\/wp-json\/wp\/v2\/media?parent=24702"}],"wp:term":[{"taxonomy":"category","embeddable":true,"href":"https:\/\/www.lejournalduforkane.com\/index.php\/wp-json\/wp\/v2\/categories?post=24702"},{"taxonomy":"post_tag","embeddable":true,"href":"https:\/\/www.lejournalduforkane.com\/index.php\/wp-json\/wp\/v2\/tags?post=24702"}],"curies":[{"name":"wp","href":"https:\/\/api.w.org\/{rel}","templated":true}]}}