
{"id":24743,"date":"2020-06-02T18:11:15","date_gmt":"2020-06-02T18:11:15","guid":{"rendered":"https:\/\/www.lejournalduforkane.com\/?p=24743"},"modified":"2020-06-02T18:11:15","modified_gmt":"2020-06-02T18:11:15","slug":"khamenei-denonce-la-violence-policiere-contre-les-noirs-aux-etats-unis","status":"publish","type":"post","link":"https:\/\/www.lejournalduforkane.com\/index.php\/khamenei-denonce-la-violence-policiere-contre-les-noirs-aux-etats-unis\/","title":{"rendered":"Khamenei d\u00e9nonce la violence polici\u00e8re contre les Noirs aux Etats-Unis"},"content":{"rendered":"<p><!--more--><br \/>\nKhamenei d\u00e9nonce la violence polici\u00e8re contre les Noirs aux Etats-Unis Discours du Guide Supr\u00eame de la R\u00e9volution Islamique, Sayed Ali Khamenei, aux Commandants des forces de police \u2013 26 avril 2015<br \/>\n&nbsp;<br \/>\n<iframe loading=\"lazy\" frameborder=\"0\" width=\"640\" height=\"360\" src=\"https:\/\/www.dailymotion.com\/embed\/video\/x7u7lnh\" allowfullscreen allow=\"autoplay\"><\/iframe><\/p>\n<p>&nbsp;<\/p>\n<p><img loading=\"lazy\" src=\"https:\/\/www.lejournalduforkane.com\/wp-content\/uploads\/2020\/06\/Khamenei-d\u00e9nonce-la-violence-polici\u00e8re-contre-les-Noirs-aux-Etats-Unis.jpg\" alt=\"Khamenei d\u00e9nonce la violence polici\u00e8re contre les Noirs aux Etats-Unis\" width=\"734\" height=\"381\" class=\"alignnone size-full wp-image-24744\" srcset=\"https:\/\/www.lejournalduforkane.com\/wp-content\/uploads\/2020\/06\/Khamenei-d\u00e9nonce-la-violence-polici\u00e8re-contre-les-Noirs-aux-Etats-Unis.jpg 734w, https:\/\/www.lejournalduforkane.com\/wp-content\/uploads\/2020\/06\/Khamenei-d\u00e9nonce-la-violence-polici\u00e8re-contre-les-Noirs-aux-Etats-Unis-300x156.jpg 300w\" sizes=\"(max-width: 734px) 100vw, 734px\" \/><\/p>\n","protected":false},"excerpt":{"rendered":"Khamenei d\u00e9nonce la violence polici\u00e8re contre les Noirs aux Etats-Unis Discours du Guide Supr\u00eame de la R\u00e9volution Islamique, Sayed Ali Khamenei, aux Commandants des forces de police \u2013 26 avril","protected":false},"author":2,"featured_media":0,"comment_status":"closed","ping_status":"open","sticky":false,"template":"","format":"standard","meta":[],"categories":[],"tags":[],"_links":{"self":[{"href":"https:\/\/www.lejournalduforkane.com\/index.php\/wp-json\/wp\/v2\/posts\/24743"}],"collection":[{"href":"https:\/\/www.lejournalduforkane.com\/index.php\/wp-json\/wp\/v2\/posts"}],"about":[{"href":"https:\/\/www.lejournalduforkane.com\/index.php\/wp-json\/wp\/v2\/types\/post"}],"author":[{"embeddable":true,"href":"https:\/\/www.lejournalduforkane.com\/index.php\/wp-json\/wp\/v2\/users\/2"}],"replies":[{"embeddable":true,"href":"https:\/\/www.lejournalduforkane.com\/index.php\/wp-json\/wp\/v2\/comments?post=24743"}],"version-history":[{"count":1,"href":"https:\/\/www.lejournalduforkane.com\/index.php\/wp-json\/wp\/v2\/posts\/24743\/revisions"}],"predecessor-version":[{"id":24745,"href":"https:\/\/www.lejournalduforkane.com\/index.php\/wp-json\/wp\/v2\/posts\/24743\/revisions\/24745"}],"wp:attachment":[{"href":"https:\/\/www.lejournalduforkane.com\/index.php\/wp-json\/wp\/v2\/media?parent=24743"}],"wp:term":[{"taxonomy":"category","embeddable":true,"href":"https:\/\/www.lejournalduforkane.com\/index.php\/wp-json\/wp\/v2\/categories?post=24743"},{"taxonomy":"post_tag","embeddable":true,"href":"https:\/\/www.lejournalduforkane.com\/index.php\/wp-json\/wp\/v2\/tags?post=24743"}],"curies":[{"name":"wp","href":"https:\/\/api.w.org\/{rel}","templated":true}]}}