
{"id":24782,"date":"2020-06-08T18:16:02","date_gmt":"2020-06-08T18:16:02","guid":{"rendered":"https:\/\/www.lejournalduforkane.com\/?p=24782"},"modified":"2020-06-09T18:18:59","modified_gmt":"2020-06-09T18:18:59","slug":"video-la-municipalite-israelienne-de-la-ville-occupee-de-yaffa-a-exhume-des-cadavres-de-palestiniens","status":"publish","type":"post","link":"https:\/\/www.lejournalduforkane.com\/index.php\/video-la-municipalite-israelienne-de-la-ville-occupee-de-yaffa-a-exhume-des-cadavres-de-palestiniens\/","title":{"rendered":"Vid\u00e9o | La municipalit\u00e9 isra\u00e9lienne de la ville occup\u00e9e de Yaffa a exhum\u00e9 des cadavres de Palestiniens &#8230;"},"content":{"rendered":"<p><!--more-->Vid\u00e9o | La municipalit\u00e9 isra\u00e9lienne de la ville occup\u00e9e de Yaffa a exhum\u00e9 des cadavres de Palestiniens et de musulmans dans le cimeti\u00e8re \u00ab\u00a0d&rsquo;Al-Isa&rsquo;af\u00a0\u00bb apr\u00e8s l&rsquo;avoir ras\u00e9 dimanche afin de construire des structures r\u00e9sidentielles sur le terrain du cimeti\u00e8re !!!<\/p>\n<div style=\"width: 400px;\" class=\"wp-video\"><!--[if lt IE 9]><script>document.createElement('video');<\/script><![endif]-->\n<video class=\"wp-video-shortcode\" id=\"video-24782-1\" width=\"400\" height=\"226\" preload=\"metadata\" controls=\"controls\"><source type=\"video\/mp4\" src=\"https:\/\/www.lejournalduforkane.com\/wp-content\/uploads\/2020\/06\/La-municipalit\u00e9-isra\u00e9lienne-de-la-ville-occup\u00e9e-de-Yaffa-a-exhum\u00e9-des-cadavres-de-Palestiniens-.mp4?_=1\" \/><a href=\"https:\/\/www.lejournalduforkane.com\/wp-content\/uploads\/2020\/06\/La-municipalit\u00e9-isra\u00e9lienne-de-la-ville-occup\u00e9e-de-Yaffa-a-exhum\u00e9-des-cadavres-de-Palestiniens-.mp4\">https:\/\/www.lejournalduforkane.com\/wp-content\/uploads\/2020\/06\/La-municipalit\u00e9-isra\u00e9lienne-de-la-ville-occup\u00e9e-de-Yaffa-a-exhum\u00e9-des-cadavres-de-Palestiniens-.mp4<\/a><\/video><\/div>\n<p><img loading=\"lazy\" class=\"alignnone size-full wp-image-24784\" src=\"https:\/\/www.lejournalduforkane.com\/wp-content\/uploads\/2020\/06\/La-municipalit\u00e9-isra\u00e9lienne-de-la-ville-occup\u00e9e-de-Yaffa-a-exhum\u00e9-des-cadavres-de-Palestiniens.jpg\" alt=\"La municipalit\u00e9 isra\u00e9lienne de la ville occup\u00e9e de Yaffa a exhum\u00e9 des cadavres de Palestiniens\" width=\"499\" height=\"281\" srcset=\"https:\/\/www.lejournalduforkane.com\/wp-content\/uploads\/2020\/06\/La-municipalit\u00e9-isra\u00e9lienne-de-la-ville-occup\u00e9e-de-Yaffa-a-exhum\u00e9-des-cadavres-de-Palestiniens.jpg 499w, https:\/\/www.lejournalduforkane.com\/wp-content\/uploads\/2020\/06\/La-municipalit\u00e9-isra\u00e9lienne-de-la-ville-occup\u00e9e-de-Yaffa-a-exhum\u00e9-des-cadavres-de-Palestiniens-300x169.jpg 300w\" sizes=\"(max-width: 499px) 100vw, 499px\" \/><\/p>\n","protected":false},"excerpt":{"rendered":"Vid\u00e9o | La municipalit\u00e9 isra\u00e9lienne de la ville occup\u00e9e de Yaffa a exhum\u00e9 des cadavres de Palestiniens et de musulmans dans le cimeti\u00e8re \"d'Al-Isa'af\" apr\u00e8s l'avoir ras\u00e9 dimanche afin de","protected":false},"author":2,"featured_media":0,"comment_status":"closed","ping_status":"open","sticky":false,"template":"","format":"standard","meta":[],"categories":[],"tags":[],"_links":{"self":[{"href":"https:\/\/www.lejournalduforkane.com\/index.php\/wp-json\/wp\/v2\/posts\/24782"}],"collection":[{"href":"https:\/\/www.lejournalduforkane.com\/index.php\/wp-json\/wp\/v2\/posts"}],"about":[{"href":"https:\/\/www.lejournalduforkane.com\/index.php\/wp-json\/wp\/v2\/types\/post"}],"author":[{"embeddable":true,"href":"https:\/\/www.lejournalduforkane.com\/index.php\/wp-json\/wp\/v2\/users\/2"}],"replies":[{"embeddable":true,"href":"https:\/\/www.lejournalduforkane.com\/index.php\/wp-json\/wp\/v2\/comments?post=24782"}],"version-history":[{"count":1,"href":"https:\/\/www.lejournalduforkane.com\/index.php\/wp-json\/wp\/v2\/posts\/24782\/revisions"}],"predecessor-version":[{"id":24785,"href":"https:\/\/www.lejournalduforkane.com\/index.php\/wp-json\/wp\/v2\/posts\/24782\/revisions\/24785"}],"wp:attachment":[{"href":"https:\/\/www.lejournalduforkane.com\/index.php\/wp-json\/wp\/v2\/media?parent=24782"}],"wp:term":[{"taxonomy":"category","embeddable":true,"href":"https:\/\/www.lejournalduforkane.com\/index.php\/wp-json\/wp\/v2\/categories?post=24782"},{"taxonomy":"post_tag","embeddable":true,"href":"https:\/\/www.lejournalduforkane.com\/index.php\/wp-json\/wp\/v2\/tags?post=24782"}],"curies":[{"name":"wp","href":"https:\/\/api.w.org\/{rel}","templated":true}]}}