
{"id":24805,"date":"2020-06-10T17:49:16","date_gmt":"2020-06-10T17:49:16","guid":{"rendered":"https:\/\/www.lejournalduforkane.com\/?p=24805"},"modified":"2020-06-10T17:56:21","modified_gmt":"2020-06-10T17:56:21","slug":"video-la-police-israelienne-empeche-les-enfants-palestiniens-de-jouer-dans-la-cour-de-la-mosquee-al-aqsa-pour-permettre-les-raids-des-colons-dans-la-sainte-mosquee","status":"publish","type":"post","link":"https:\/\/www.lejournalduforkane.com\/index.php\/video-la-police-israelienne-empeche-les-enfants-palestiniens-de-jouer-dans-la-cour-de-la-mosquee-al-aqsa-pour-permettre-les-raids-des-colons-dans-la-sainte-mosquee\/","title":{"rendered":"Vid\u00e9o | La police isra\u00e9lienne emp\u00eache les enfants palestiniens de jouer dans la cour de la mosqu\u00e9e Al Aqsa pour permettre les raids des colons dans la sainte mosqu\u00e9e"},"content":{"rendered":"<p><!--more--><\/p>\n<div style=\"width: 400px;\" class=\"wp-video\"><!--[if lt IE 9]><script>document.createElement('video');<\/script><![endif]-->\n<video class=\"wp-video-shortcode\" id=\"video-24805-1\" width=\"400\" height=\"220\" preload=\"metadata\" controls=\"controls\"><source type=\"video\/mp4\" src=\"https:\/\/www.lejournalduforkane.com\/wp-content\/uploads\/2020\/06\/102722218_1623150974518389_2523948972199019437_n.mp4?_=1\" \/><a href=\"https:\/\/www.lejournalduforkane.com\/wp-content\/uploads\/2020\/06\/102722218_1623150974518389_2523948972199019437_n.mp4\">https:\/\/www.lejournalduforkane.com\/wp-content\/uploads\/2020\/06\/102722218_1623150974518389_2523948972199019437_n.mp4<\/a><\/video><\/div>\n<p><img loading=\"lazy\" class=\"alignnone size-full wp-image-24807\" src=\"https:\/\/www.lejournalduforkane.com\/wp-content\/uploads\/2020\/06\/La-police-isra\u00e9lienne-emp\u00eache-les-enfants-palestiniens-de-jouer-dans-les-cour-de-la-mosqu\u00e9e-Al-Aqsa-pour-permettre-les-raids-des-colons-dans-la-sainte-mosqu\u00e9e.jpg\" alt=\"La police isra\u00e9lienne emp\u00eache les enfants palestiniens de jouer dans les cour de la mosqu\u00e9e Al Aqsa pour permettre les raids des colons dans la sainte mosqu\u00e9e\" width=\"501\" height=\"243\" srcset=\"https:\/\/www.lejournalduforkane.com\/wp-content\/uploads\/2020\/06\/La-police-isra\u00e9lienne-emp\u00eache-les-enfants-palestiniens-de-jouer-dans-les-cour-de-la-mosqu\u00e9e-Al-Aqsa-pour-permettre-les-raids-des-colons-dans-la-sainte-mosqu\u00e9e.jpg 501w, https:\/\/www.lejournalduforkane.com\/wp-content\/uploads\/2020\/06\/La-police-isra\u00e9lienne-emp\u00eache-les-enfants-palestiniens-de-jouer-dans-les-cour-de-la-mosqu\u00e9e-Al-Aqsa-pour-permettre-les-raids-des-colons-dans-la-sainte-mosqu\u00e9e-300x146.jpg 300w\" sizes=\"(max-width: 501px) 100vw, 501px\" \/><\/p>\n","protected":false},"excerpt":{"rendered":"[video width=\"400\" height=\"220\" mp4=\"https:\/\/www.lejournalduforkane.com\/wp-content\/uploads\/2020\/06\/102722218_1623150974518389_2523948972199019437_n.mp4\"][\/video]","protected":false},"author":2,"featured_media":0,"comment_status":"closed","ping_status":"open","sticky":false,"template":"","format":"standard","meta":[],"categories":[],"tags":[],"_links":{"self":[{"href":"https:\/\/www.lejournalduforkane.com\/index.php\/wp-json\/wp\/v2\/posts\/24805"}],"collection":[{"href":"https:\/\/www.lejournalduforkane.com\/index.php\/wp-json\/wp\/v2\/posts"}],"about":[{"href":"https:\/\/www.lejournalduforkane.com\/index.php\/wp-json\/wp\/v2\/types\/post"}],"author":[{"embeddable":true,"href":"https:\/\/www.lejournalduforkane.com\/index.php\/wp-json\/wp\/v2\/users\/2"}],"replies":[{"embeddable":true,"href":"https:\/\/www.lejournalduforkane.com\/index.php\/wp-json\/wp\/v2\/comments?post=24805"}],"version-history":[{"count":2,"href":"https:\/\/www.lejournalduforkane.com\/index.php\/wp-json\/wp\/v2\/posts\/24805\/revisions"}],"predecessor-version":[{"id":24810,"href":"https:\/\/www.lejournalduforkane.com\/index.php\/wp-json\/wp\/v2\/posts\/24805\/revisions\/24810"}],"wp:attachment":[{"href":"https:\/\/www.lejournalduforkane.com\/index.php\/wp-json\/wp\/v2\/media?parent=24805"}],"wp:term":[{"taxonomy":"category","embeddable":true,"href":"https:\/\/www.lejournalduforkane.com\/index.php\/wp-json\/wp\/v2\/categories?post=24805"},{"taxonomy":"post_tag","embeddable":true,"href":"https:\/\/www.lejournalduforkane.com\/index.php\/wp-json\/wp\/v2\/tags?post=24805"}],"curies":[{"name":"wp","href":"https:\/\/api.w.org\/{rel}","templated":true}]}}