
{"id":24855,"date":"2020-06-22T18:49:00","date_gmt":"2020-06-22T18:49:00","guid":{"rendered":"https:\/\/www.lejournalduforkane.com\/?p=24855"},"modified":"2020-06-22T18:49:00","modified_gmt":"2020-06-22T18:49:00","slug":"les-etats-unis-utilisent-le-ble-comme-arme-de-guerre-en-syrie","status":"publish","type":"post","link":"https:\/\/www.lejournalduforkane.com\/index.php\/les-etats-unis-utilisent-le-ble-comme-arme-de-guerre-en-syrie\/","title":{"rendered":"Les \u00c9tats-Unis utilisent le bl\u00e9 comme arme de guerre en Syrie"},"content":{"rendered":"<p><!--more--><\/p>\n<div class=\"kvgmc6g5 cxmmr5t8 oygrvhab hcukyx3x c1et5uql\">\n<div dir=\"auto\" style=\"text-align: justify;\">Selon l\u2019Agence d\u2019information Arab News, citant certains t\u00e9moignages d\u2019habitants du village d\u2019Adla dans la campagne de Chaddadi au Sud de Hassak\u00e9, des h\u00e9licopt\u00e8res Apache des forces d\u2019occupation am\u00e9ricaines ont vol\u00e9 \u00e0 basse altitude dans la mi-juin 2020 et ont largu\u00e9 des bombes thermiques, une arme incendiaire, qui a br\u00fbl\u00e9 plusieurs champs de bl\u00e9 dans la r\u00e9gion.<\/div>\n<\/div>\n<div dir=\"auto\" style=\"text-align: justify;\"><\/div>\n<div dir=\"auto\" style=\"text-align: justify;\">\n<div style=\"width: 400px;\" class=\"wp-video\"><!--[if lt IE 9]><script>document.createElement('video');<\/script><![endif]-->\n<video class=\"wp-video-shortcode\" id=\"video-24855-1\" width=\"400\" height=\"224\" preload=\"metadata\" controls=\"controls\"><source type=\"video\/mp4\" src=\"https:\/\/www.lejournalduforkane.com\/wp-content\/uploads\/2020\/06\/Les-\u00c9tats-Unis-utilisent-le-bl\u00e9-comme-arme-de-guerre-en-Syrie.mp4?_=1\" \/><a href=\"https:\/\/www.lejournalduforkane.com\/wp-content\/uploads\/2020\/06\/Les-\u00c9tats-Unis-utilisent-le-bl\u00e9-comme-arme-de-guerre-en-Syrie.mp4\">https:\/\/www.lejournalduforkane.com\/wp-content\/uploads\/2020\/06\/Les-\u00c9tats-Unis-utilisent-le-bl\u00e9-comme-arme-de-guerre-en-Syrie.mp4<\/a><\/video><\/div>\n<p><img loading=\"lazy\" class=\"alignnone size-full wp-image-24857\" src=\"https:\/\/www.lejournalduforkane.com\/wp-content\/uploads\/2020\/06\/Les-\u00c9tats-Unis-utilisent-le-bl\u00e9-comme-arme-de-guerre-en-Syrie.jpg\" alt=\"Les \u00c9tats-Unis utilisent le bl\u00e9 comme arme de guerre en Syrie\" width=\"499\" height=\"280\" srcset=\"https:\/\/www.lejournalduforkane.com\/wp-content\/uploads\/2020\/06\/Les-\u00c9tats-Unis-utilisent-le-bl\u00e9-comme-arme-de-guerre-en-Syrie.jpg 499w, https:\/\/www.lejournalduforkane.com\/wp-content\/uploads\/2020\/06\/Les-\u00c9tats-Unis-utilisent-le-bl\u00e9-comme-arme-de-guerre-en-Syrie-300x168.jpg 300w\" sizes=\"(max-width: 499px) 100vw, 499px\" \/><\/p>\n<\/div>\n<div class=\"o9v6fnle cxmmr5t8 oygrvhab hcukyx3x c1et5uql\"><\/div>\n","protected":false},"excerpt":{"rendered":"Selon l\u2019Agence d\u2019information Arab News, citant certains t\u00e9moignages d\u2019habitants du village d\u2019Adla dans la campagne de Chaddadi au Sud de Hassak\u00e9, des h\u00e9licopt\u00e8res Apache des forces d\u2019occupation am\u00e9ricaines ont vol\u00e9","protected":false},"author":2,"featured_media":0,"comment_status":"closed","ping_status":"open","sticky":false,"template":"","format":"standard","meta":[],"categories":[],"tags":[],"_links":{"self":[{"href":"https:\/\/www.lejournalduforkane.com\/index.php\/wp-json\/wp\/v2\/posts\/24855"}],"collection":[{"href":"https:\/\/www.lejournalduforkane.com\/index.php\/wp-json\/wp\/v2\/posts"}],"about":[{"href":"https:\/\/www.lejournalduforkane.com\/index.php\/wp-json\/wp\/v2\/types\/post"}],"author":[{"embeddable":true,"href":"https:\/\/www.lejournalduforkane.com\/index.php\/wp-json\/wp\/v2\/users\/2"}],"replies":[{"embeddable":true,"href":"https:\/\/www.lejournalduforkane.com\/index.php\/wp-json\/wp\/v2\/comments?post=24855"}],"version-history":[{"count":1,"href":"https:\/\/www.lejournalduforkane.com\/index.php\/wp-json\/wp\/v2\/posts\/24855\/revisions"}],"predecessor-version":[{"id":24858,"href":"https:\/\/www.lejournalduforkane.com\/index.php\/wp-json\/wp\/v2\/posts\/24855\/revisions\/24858"}],"wp:attachment":[{"href":"https:\/\/www.lejournalduforkane.com\/index.php\/wp-json\/wp\/v2\/media?parent=24855"}],"wp:term":[{"taxonomy":"category","embeddable":true,"href":"https:\/\/www.lejournalduforkane.com\/index.php\/wp-json\/wp\/v2\/categories?post=24855"},{"taxonomy":"post_tag","embeddable":true,"href":"https:\/\/www.lejournalduforkane.com\/index.php\/wp-json\/wp\/v2\/tags?post=24855"}],"curies":[{"name":"wp","href":"https:\/\/api.w.org\/{rel}","templated":true}]}}