
{"id":24866,"date":"2020-06-24T16:51:59","date_gmt":"2020-06-24T16:51:59","guid":{"rendered":"https:\/\/www.lejournalduforkane.com\/?p=24866"},"modified":"2020-06-26T16:54:31","modified_gmt":"2020-06-26T16:54:31","slug":"khamenei-le-meurtre-de-george-floyd-est-a-limage-de-ce-quont-inflige-les-etats-unis-au-monde","status":"publish","type":"post","link":"https:\/\/www.lejournalduforkane.com\/index.php\/khamenei-le-meurtre-de-george-floyd-est-a-limage-de-ce-quont-inflige-les-etats-unis-au-monde\/","title":{"rendered":"Khamenei : le meurtre de George Floyd est \u00e0 l&rsquo;image de ce qu&rsquo;ont inflig\u00e9 les Etats-Unis au monde"},"content":{"rendered":"<p><!--more--><\/p>\n<div class=\"kvgmc6g5 cxmmr5t8 oygrvhab hcukyx3x c1et5uql ii04i59q\">\n<div dir=\"auto\" style=\"text-align: justify;\">Discours prononc\u00e9 le 3 juin 2020 par l&rsquo;Ayatollah Ali Khamenei, Guide Supr\u00eame de la R\u00e9volution Islamique, \u00e0 l&rsquo;occasion du 31e anniversaire de la mort de l&rsquo;Imam Khomeini.<\/div>\n<\/div>\n<div dir=\"auto\" style=\"text-align: justify;\"><\/div>\n<div class=\"o9v6fnle cxmmr5t8 oygrvhab hcukyx3x c1et5uql ii04i59q\"><\/div>\n<p><iframe loading=\"lazy\" src=\"https:\/\/www.youtube.com\/embed\/3UyZVDnPZDk\" width=\"560\" height=\"315\" frameborder=\"0\" allowfullscreen=\"allowfullscreen\"><\/iframe><\/p>\n<p><img loading=\"lazy\" class=\"alignnone size-full wp-image-24867\" src=\"https:\/\/www.lejournalduforkane.com\/wp-content\/uploads\/2020\/06\/le-meurtre-de-George-Floyd-est-\u00e0-limage-de-ce-quont-inflig\u00e9-les-Etats-Unis-au-monde.jpg\" alt=\"le meurtre de George Floyd est \u00e0 l'image de ce qu'ont inflig\u00e9 les Etats-Unis au monde\" width=\"500\" height=\"260\" srcset=\"https:\/\/www.lejournalduforkane.com\/wp-content\/uploads\/2020\/06\/le-meurtre-de-George-Floyd-est-\u00e0-limage-de-ce-quont-inflig\u00e9-les-Etats-Unis-au-monde.jpg 500w, https:\/\/www.lejournalduforkane.com\/wp-content\/uploads\/2020\/06\/le-meurtre-de-George-Floyd-est-\u00e0-limage-de-ce-quont-inflig\u00e9-les-Etats-Unis-au-monde-300x156.jpg 300w\" sizes=\"(max-width: 500px) 100vw, 500px\" \/><\/p>\n","protected":false},"excerpt":{"rendered":"Discours prononc\u00e9 le 3 juin 2020 par l'Ayatollah Ali Khamenei, Guide Supr\u00eame de la R\u00e9volution Islamique, \u00e0 l'occasion du 31e anniversaire de la mort de l'Imam Khomeini.","protected":false},"author":2,"featured_media":0,"comment_status":"closed","ping_status":"open","sticky":false,"template":"","format":"standard","meta":[],"categories":[],"tags":[],"_links":{"self":[{"href":"https:\/\/www.lejournalduforkane.com\/index.php\/wp-json\/wp\/v2\/posts\/24866"}],"collection":[{"href":"https:\/\/www.lejournalduforkane.com\/index.php\/wp-json\/wp\/v2\/posts"}],"about":[{"href":"https:\/\/www.lejournalduforkane.com\/index.php\/wp-json\/wp\/v2\/types\/post"}],"author":[{"embeddable":true,"href":"https:\/\/www.lejournalduforkane.com\/index.php\/wp-json\/wp\/v2\/users\/2"}],"replies":[{"embeddable":true,"href":"https:\/\/www.lejournalduforkane.com\/index.php\/wp-json\/wp\/v2\/comments?post=24866"}],"version-history":[{"count":1,"href":"https:\/\/www.lejournalduforkane.com\/index.php\/wp-json\/wp\/v2\/posts\/24866\/revisions"}],"predecessor-version":[{"id":24868,"href":"https:\/\/www.lejournalduforkane.com\/index.php\/wp-json\/wp\/v2\/posts\/24866\/revisions\/24868"}],"wp:attachment":[{"href":"https:\/\/www.lejournalduforkane.com\/index.php\/wp-json\/wp\/v2\/media?parent=24866"}],"wp:term":[{"taxonomy":"category","embeddable":true,"href":"https:\/\/www.lejournalduforkane.com\/index.php\/wp-json\/wp\/v2\/categories?post=24866"},{"taxonomy":"post_tag","embeddable":true,"href":"https:\/\/www.lejournalduforkane.com\/index.php\/wp-json\/wp\/v2\/tags?post=24866"}],"curies":[{"name":"wp","href":"https:\/\/api.w.org\/{rel}","templated":true}]}}