
{"id":24869,"date":"2020-06-24T16:54:48","date_gmt":"2020-06-24T16:54:48","guid":{"rendered":"https:\/\/www.lejournalduforkane.com\/?p=24869"},"modified":"2020-06-26T16:57:17","modified_gmt":"2020-06-26T16:57:17","slug":"video-des-villageois-syriens-et-des-militaires-americains-saffrontent-a-qamishli-le-drapeau-americain-incendie","status":"publish","type":"post","link":"https:\/\/www.lejournalduforkane.com\/index.php\/video-des-villageois-syriens-et-des-militaires-americains-saffrontent-a-qamishli-le-drapeau-americain-incendie\/","title":{"rendered":"VID\u00c9O : Des villageois syriens et des militaires am\u00e9ricains s&rsquo;affrontent \u00e0 Qamishli, le drapeau am\u00e9ricain incendi\u00e9"},"content":{"rendered":"<p><!--more--><\/p>\n<div class=\"kvgmc6g5 cxmmr5t8 oygrvhab hcukyx3x c1et5uql ii04i59q\">\n<div dir=\"auto\">Des villageois syriens dans la campagne d&rsquo;Al-Qamishli ont intercept\u00e9 un convoi militaire am\u00e9ricain qui tentait de traverser la r\u00e9gion cette semaine.<\/div>\n<\/div>\n<div class=\"o9v6fnle cxmmr5t8 oygrvhab hcukyx3x c1et5uql ii04i59q\"><\/div>\n<div class=\"o9v6fnle cxmmr5t8 oygrvhab hcukyx3x c1et5uql ii04i59q\">\n<div dir=\"auto\">Des habitants du village de Farsouk, au sud-est d&rsquo;Al-Qamishli, ont intercept\u00e9 un convoi militaire, compos\u00e9 de 8 v\u00e9hicules blind\u00e9s, et les ont forc\u00e9s \u00e0 battre en retrait.<\/div>\n<div dir=\"auto\"><\/div>\n<\/div>\n<div class=\"o9v6fnle cxmmr5t8 oygrvhab hcukyx3x c1et5uql ii04i59q\">\n<div dir=\"auto\">Les habitants ont d\u00e9clar\u00e9 avoir emp\u00each\u00e9 un convoi de traverser le village et des accrochages ont eu lieu avec les soldats am\u00e9ricains, tandis que certains d&rsquo;entre eux ont br\u00fbl\u00e9 le drapeau am\u00e9ricain.<\/div>\n<div dir=\"auto\"><\/div>\n<\/div>\n<div class=\"o9v6fnle cxmmr5t8 oygrvhab hcukyx3x c1et5uql ii04i59q\">\n<div dir=\"auto\">Des sources locales ont confirm\u00e9 \u00e0 RT Arabic que les soldats avaient lanc\u00e9 une bombe assourdissante sur la population pour les disperser.<\/div>\n<div dir=\"auto\"><\/div>\n<\/div>\n<div class=\"o9v6fnle cxmmr5t8 oygrvhab hcukyx3x c1et5uql ii04i59q\">\n<div dir=\"auto\">Dans la vid\u00e9o publi\u00e9e par RT Arabic mardi, les villageois peuvent \u00eatre vus en train de mettre le feu \u00e0 un drapeau am\u00e9ricain saisi apr\u00e8s le retournement du convoi:<\/div>\n<div dir=\"auto\"><\/div>\n<\/div>\n<div dir=\"auto\">\u00a0<iframe loading=\"lazy\" src=\"https:\/\/www.youtube.com\/embed\/Wd5UOBnIOFU\" width=\"560\" height=\"315\" frameborder=\"0\" allowfullscreen=\"allowfullscreen\"><\/iframe><\/div>\n<div dir=\"auto\"><img loading=\"lazy\" class=\"alignnone size-full wp-image-24870\" src=\"https:\/\/www.lejournalduforkane.com\/wp-content\/uploads\/2020\/06\/Des-villageois-syriens-et-des-militaires-am\u00e9ricains-saffrontent-\u00e0-Qamishli-le-drapeau-am\u00e9ricain-incendi\u00e9.jpg\" alt=\"Des villageois syriens et des militaires am\u00e9ricains s'affrontent \u00e0 Qamishli, le drapeau am\u00e9ricain incendi\u00e9\" width=\"500\" height=\"260\" srcset=\"https:\/\/www.lejournalduforkane.com\/wp-content\/uploads\/2020\/06\/Des-villageois-syriens-et-des-militaires-am\u00e9ricains-saffrontent-\u00e0-Qamishli-le-drapeau-am\u00e9ricain-incendi\u00e9.jpg 500w, https:\/\/www.lejournalduforkane.com\/wp-content\/uploads\/2020\/06\/Des-villageois-syriens-et-des-militaires-am\u00e9ricains-saffrontent-\u00e0-Qamishli-le-drapeau-am\u00e9ricain-incendi\u00e9-300x156.jpg 300w\" sizes=\"(max-width: 500px) 100vw, 500px\" \/><\/div>\n","protected":false},"excerpt":{"rendered":"Des villageois syriens dans la campagne d'Al-Qamishli ont intercept\u00e9 un convoi militaire am\u00e9ricain qui tentait de traverser la r\u00e9gion cette semaine. Des habitants du village de Farsouk, au sud-est d'Al-Qamishli,","protected":false},"author":2,"featured_media":0,"comment_status":"closed","ping_status":"open","sticky":false,"template":"","format":"standard","meta":[],"categories":[],"tags":[],"_links":{"self":[{"href":"https:\/\/www.lejournalduforkane.com\/index.php\/wp-json\/wp\/v2\/posts\/24869"}],"collection":[{"href":"https:\/\/www.lejournalduforkane.com\/index.php\/wp-json\/wp\/v2\/posts"}],"about":[{"href":"https:\/\/www.lejournalduforkane.com\/index.php\/wp-json\/wp\/v2\/types\/post"}],"author":[{"embeddable":true,"href":"https:\/\/www.lejournalduforkane.com\/index.php\/wp-json\/wp\/v2\/users\/2"}],"replies":[{"embeddable":true,"href":"https:\/\/www.lejournalduforkane.com\/index.php\/wp-json\/wp\/v2\/comments?post=24869"}],"version-history":[{"count":1,"href":"https:\/\/www.lejournalduforkane.com\/index.php\/wp-json\/wp\/v2\/posts\/24869\/revisions"}],"predecessor-version":[{"id":24871,"href":"https:\/\/www.lejournalduforkane.com\/index.php\/wp-json\/wp\/v2\/posts\/24869\/revisions\/24871"}],"wp:attachment":[{"href":"https:\/\/www.lejournalduforkane.com\/index.php\/wp-json\/wp\/v2\/media?parent=24869"}],"wp:term":[{"taxonomy":"category","embeddable":true,"href":"https:\/\/www.lejournalduforkane.com\/index.php\/wp-json\/wp\/v2\/categories?post=24869"},{"taxonomy":"post_tag","embeddable":true,"href":"https:\/\/www.lejournalduforkane.com\/index.php\/wp-json\/wp\/v2\/tags?post=24869"}],"curies":[{"name":"wp","href":"https:\/\/api.w.org\/{rel}","templated":true}]}}