
{"id":24875,"date":"2020-06-24T16:59:52","date_gmt":"2020-06-24T16:59:52","guid":{"rendered":"https:\/\/www.lejournalduforkane.com\/?p=24875"},"modified":"2020-06-26T17:02:49","modified_gmt":"2020-06-26T17:02:49","slug":"larmee-syrienne-decouvre-une-grande-cache-darmes-avec-des-armes-de-fabrication-occidentale","status":"publish","type":"post","link":"https:\/\/www.lejournalduforkane.com\/index.php\/larmee-syrienne-decouvre-une-grande-cache-darmes-avec-des-armes-de-fabrication-occidentale\/","title":{"rendered":"L&rsquo;arm\u00e9e syrienne d\u00e9couvre une grande cache d&rsquo;armes avec des armes de fabrication occidentale"},"content":{"rendered":"<p style=\"text-align: justify;\"><!--more-->Les forces arm\u00e9es syriennes, en coop\u00e9ration avec les habitants, ont d\u00e9couvert une grande cache d&rsquo;armes et de mat\u00e9riel m\u00e9dical dans le sud du pays.\u00a0\u00a0<img loading=\"lazy\" class=\"wp-image-24876 alignright\" src=\"https:\/\/www.lejournalduforkane.com\/wp-content\/uploads\/2020\/06\/Larm\u00e9e-syrienne-d\u00e9couvre-une-grande-cache-darmes-avec-des-armes-de-fabrication-occidentale.jpg\" alt=\"L'arm\u00e9e syrienne d\u00e9couvre une grande cache d'armes avec des armes de fabrication occidentale\" width=\"302\" height=\"157\" srcset=\"https:\/\/www.lejournalduforkane.com\/wp-content\/uploads\/2020\/06\/Larm\u00e9e-syrienne-d\u00e9couvre-une-grande-cache-darmes-avec-des-armes-de-fabrication-occidentale.jpg 500w, https:\/\/www.lejournalduforkane.com\/wp-content\/uploads\/2020\/06\/Larm\u00e9e-syrienne-d\u00e9couvre-une-grande-cache-darmes-avec-des-armes-de-fabrication-occidentale-300x156.jpg 300w\" sizes=\"(max-width: 302px) 100vw, 302px\" \/><\/p>\n<p style=\"text-align: justify;\">\nSelon certaines informations, les forces arm\u00e9es syriennes ont d\u00e9couvert la cache d&rsquo;armes tout en parcourant les territoires qui \u00e9taient auparavant contr\u00f4l\u00e9s par les groupes terroristes.<\/p>\n<p style=\"text-align: justify;\">\n\u00abAu cours du peignage des zones restantes que l&rsquo;arm\u00e9e a lib\u00e9r\u00e9es du terrorisme dans la r\u00e9gion du sud pour les s\u00e9curiser afin de pr\u00e9server la vie des civils et en coop\u00e9ration avec des familles honorables, de grandes quantit\u00e9s d&rsquo;armes et de munitions ont \u00e9t\u00e9 trouv\u00e9es, y compris des dizaines de caisses de munitions et des canons M-16 de fabrication occidentale, des tireurs d&rsquo;\u00e9lite am\u00e9ricains, un lanceur RPG, des fusils et des mortiers automatiques de diff\u00e9rentes tailles, et un v\u00e9hicule \u00e0 quatre roues motrices \u00e9quip\u00e9 d&rsquo;une mitrailleuse doskha cach\u00e9e dans le quartier g\u00e9n\u00e9ral des terroristes avant leur d\u00e9faite \u00bb, a expliqu\u00e9 l&rsquo;Agence de presse SANA.<\/p>\n<p style=\"text-align: justify;\">\nParmi les armes saisies, la source a indiqu\u00e9 qu&rsquo;il y avait \u00ab\u00a0des quantit\u00e9s importantes et vari\u00e9es de m\u00e9dicaments et de mat\u00e9riel m\u00e9dical, dont certains sont d&rsquo;origine occidentale\u00a0\u00bb.<\/p>\n<p style=\"text-align: justify;\">\nL&rsquo;Agence de presse arabe syrienne a publi\u00e9 une vid\u00e9o de la cache d&rsquo;armes; il montre toutes les armes et fournitures m\u00e9dicales:<\/p>\n<p><iframe loading=\"lazy\" src=\"https:\/\/www.youtube.com\/embed\/uoFvK-IeQh8\" width=\"560\" height=\"315\" frameborder=\"0\" allowfullscreen=\"allowfullscreen\"><\/iframe><\/p>\n","protected":false},"excerpt":{"rendered":"Les forces arm\u00e9es syriennes, en coop\u00e9ration avec les habitants, ont d\u00e9couvert une grande cache d'armes et de mat\u00e9riel m\u00e9dical dans le sud du pays.\u00a0\u00a0 Selon certaines informations, les forces arm\u00e9es","protected":false},"author":2,"featured_media":0,"comment_status":"closed","ping_status":"open","sticky":false,"template":"","format":"standard","meta":[],"categories":[],"tags":[],"_links":{"self":[{"href":"https:\/\/www.lejournalduforkane.com\/index.php\/wp-json\/wp\/v2\/posts\/24875"}],"collection":[{"href":"https:\/\/www.lejournalduforkane.com\/index.php\/wp-json\/wp\/v2\/posts"}],"about":[{"href":"https:\/\/www.lejournalduforkane.com\/index.php\/wp-json\/wp\/v2\/types\/post"}],"author":[{"embeddable":true,"href":"https:\/\/www.lejournalduforkane.com\/index.php\/wp-json\/wp\/v2\/users\/2"}],"replies":[{"embeddable":true,"href":"https:\/\/www.lejournalduforkane.com\/index.php\/wp-json\/wp\/v2\/comments?post=24875"}],"version-history":[{"count":1,"href":"https:\/\/www.lejournalduforkane.com\/index.php\/wp-json\/wp\/v2\/posts\/24875\/revisions"}],"predecessor-version":[{"id":24877,"href":"https:\/\/www.lejournalduforkane.com\/index.php\/wp-json\/wp\/v2\/posts\/24875\/revisions\/24877"}],"wp:attachment":[{"href":"https:\/\/www.lejournalduforkane.com\/index.php\/wp-json\/wp\/v2\/media?parent=24875"}],"wp:term":[{"taxonomy":"category","embeddable":true,"href":"https:\/\/www.lejournalduforkane.com\/index.php\/wp-json\/wp\/v2\/categories?post=24875"},{"taxonomy":"post_tag","embeddable":true,"href":"https:\/\/www.lejournalduforkane.com\/index.php\/wp-json\/wp\/v2\/tags?post=24875"}],"curies":[{"name":"wp","href":"https:\/\/api.w.org\/{rel}","templated":true}]}}